{"id":781,"date":"2018-08-27T21:51:59","date_gmt":"2018-08-27T19:51:59","guid":{"rendered":"https:\/\/www.enviblog.cz\/blog\/?p=781"},"modified":"2018-10-06T10:36:21","modified_gmt":"2018-10-06T08:36:21","slug":"vyschle-toky-ve-vychodnim-podhuri-ceskomoravske-vrchoviny","status":"publish","type":"post","link":"https:\/\/www.enviblog.cz\/blog\/2018\/08\/27\/vyschle-toky-ve-vychodnim-podhuri-ceskomoravske-vrchoviny\/","title":{"rendered":"Vyschl\u00e9 toky ve v\u00fdchodn\u00edm \u201epodh\u016f\u0159\u00ed\u201c \u010ceskomoravsk\u00e9 vrchoviny"},"content":{"rendered":"<p>P\u0159i pravideln\u00fdch kontrol\u00e1ch jsou v\u00a0sou\u010dasn\u00e9 dob\u011b na \u0159ad\u011b hydrologick\u00fdch stanic provedena rekordn\u011b n\u00edzk\u00e1 m\u011b\u0159en\u00ed pr\u016ftok\u016f. Dnes bych ale cht\u011bl uk\u00e1zat situaci na n\u011bkter\u00fdch toc\u00edch v\u00fdchodn\u00edho okraje \u010ceskomoravsk\u00e9 vrchoviny, kter\u00e9 \u010cHM\u00da pravideln\u011b nepozoruje. \u0158ada z\u00a0t\u011bchto tok\u016f je toti\u017e \u00fapln\u011b vyschl\u00e1, p\u0159esto\u017ee n\u011bkter\u00e9 z\u00a0nich jsou pom\u011brn\u011b v\u00fdznamn\u00e9 a plocha jejich povod\u00ed p\u0159esahuje i 100 km<sup>2<\/sup>. Jedn\u00e1 se nap\u0159\u00edklad o B\u00edl\u00fd potok ve Veversk\u00e9 Bit\u00fd\u0161ce nebo Libochovku v\u00a0Doln\u00edch Lou\u010dk\u00e1ch. Takov\u00fd stav je velmi v\u00fdjime\u010dn\u00fd, proto\u017ee se zdaleka nejedn\u00e1 jen o mal\u00e9 pot\u016f\u010dky, kter\u00e9 v\u00a0posledn\u00edch letech vysychaj\u00ed pravideln\u011b. \u00dapln\u00e9 vyschnut\u00ed n\u011bkter\u00fdch v\u00fdznamn\u011bj\u0161\u00edch vodote\u010d\u00ed nepamatuj\u00ed ani\u00a0<a href=\"http:\/\/www.tisnov.info\/modules.php?name=News&amp;file=article&amp;sid=14660\" target=\"_blank\" rel=\"noopener\">m\u00edstn\u00ed obyvatel\u00e9<\/a>.<\/p>\n<p>Na tuto situaci pochopiteln\u011b reaguj\u00ed i vodopr\u00e1vn\u00ed \u00fa\u0159ady a na \u0159ad\u011b m\u00edst je vyhl\u00e1\u0161en z\u00e1kaz odb\u011bru vody z\u00a0povrchov\u00fdch zdroj\u016f. V\u00edkendov\u00e9 ochlazen\u00ed a m\u00edrn\u00e9 de\u0161t\u011b p\u0159inesly zat\u00edm sp\u00ed\u0161e jen nad\u011bji ne\u017e re\u00e1lnou zm\u011bnu k\u00a0lep\u0161\u00edmu. V\u0161echny fotografie byly po\u0159\u00edzeny 21. 8. 2018.<\/p>\n<figure id=\"attachment_793\" aria-describedby=\"caption-attachment-793\" style=\"width: 225px\" class=\"wp-caption aligncenter\"><a href=\"http:\/\/chmibrno.org\/blog\/wp-content\/uploads\/2018\/08\/P1030309-e1535388841511.jpg\"><img fetchpriority=\"high\" decoding=\"async\" class=\"wp-image-793 size-medium\" src=\"http:\/\/chmibrno.org\/blog\/wp-content\/uploads\/2018\/08\/P1030309-e1535388841511-225x300.jpg\" alt=\"\" width=\"225\" height=\"300\" srcset=\"https:\/\/www.enviblog.cz\/blog\/wp-content\/uploads\/2018\/08\/P1030309-e1535388841511-225x300.jpg 225w, https:\/\/www.enviblog.cz\/blog\/wp-content\/uploads\/2018\/08\/P1030309-e1535388841511-768x1024.jpg 768w, https:\/\/www.enviblog.cz\/blog\/wp-content\/uploads\/2018\/08\/P1030309-e1535388841511.jpg 1920w\" sizes=\"(max-width: 225px) 100vw, 225px\" \/><\/a><figcaption id=\"caption-attachment-793\" class=\"wp-caption-text\">B\u00edl\u00fd potok ve Veversk\u00e9 Bit\u00fd\u0161ce (plocha povod\u00ed 112,7 km<sup>2<\/sup>)<\/figcaption><\/figure>\n<p>\u00dapln\u00e9 vyschnut\u00ed toku m\u00e1 samoz\u0159ejm\u011b fat\u00e1ln\u00ed dopad na jeho ekosyst\u00e9m. Nap\u0159\u00edklad o dopadech na populaci na\u0161ich rak\u016f si m\u016f\u017eete p\u0159e\u010d\u00edst zaj\u00edmav\u00fd \u010dl\u00e1nek <a href=\"https:\/\/www.vtei.cz\/2016\/06\/periodicke-vysychani-toku-dalsi-faktor-negativne-ovlivnujici-populace-nasich-raku\/\" target=\"_blank\" rel=\"noopener\">zde<\/a>. Shodou okolnost\u00ed jsme t\u00e9ho\u017e dne, kdy byly po\u0159\u00edzeny fotografie \u00fapln\u011b such\u00fdch koryt na Ku\u0159imsku a Ti\u0161novsku, pozorovali raky \u0159\u00ed\u010dn\u00ed u hydrologick\u00fdch stanic v\u00a0Ro\u017en\u00e9 na Nedv\u011bdi\u010dce a v\u00a0Doman\u00edn\u011b na Byst\u0159ici. Tam jsou sice tak\u00e9 velmi n\u00edzk\u00e9 vodn\u00ed stavy,\u00a0 je\u0161t\u011b to ale nen\u00ed tak kritick\u00e9, \u017ee by akutn\u011b hrozilo \u00fapln\u00e9 vyschnut\u00ed t\u011bchto tok\u016f.<\/p>\n<figure id=\"attachment_787\" aria-describedby=\"caption-attachment-787\" style=\"width: 300px\" class=\"wp-caption aligncenter\"><a href=\"http:\/\/chmibrno.org\/blog\/wp-content\/uploads\/2018\/08\/P1030283.jpg\"><img decoding=\"async\" class=\"wp-image-787 size-medium\" src=\"http:\/\/chmibrno.org\/blog\/wp-content\/uploads\/2018\/08\/P1030283-300x225.jpg\" alt=\"\" width=\"300\" height=\"225\" srcset=\"https:\/\/www.enviblog.cz\/blog\/wp-content\/uploads\/2018\/08\/P1030283-300x225.jpg 300w, https:\/\/www.enviblog.cz\/blog\/wp-content\/uploads\/2018\/08\/P1030283-768x576.jpg 768w, https:\/\/www.enviblog.cz\/blog\/wp-content\/uploads\/2018\/08\/P1030283-1024x768.jpg 1024w\" sizes=\"(max-width: 300px) 100vw, 300px\" \/><\/a><figcaption id=\"caption-attachment-787\" class=\"wp-caption-text\">Rak \u0159\u00ed\u010dn\u00ed v Ro\u017en\u00e9<\/figcaption><\/figure>\n<figure id=\"attachment_789\" aria-describedby=\"caption-attachment-789\" style=\"width: 300px\" class=\"wp-caption aligncenter\"><a href=\"http:\/\/chmibrno.org\/blog\/wp-content\/uploads\/2018\/08\/P1030293.jpg\"><img decoding=\"async\" class=\"wp-image-789 size-medium\" src=\"http:\/\/chmibrno.org\/blog\/wp-content\/uploads\/2018\/08\/P1030293-300x225.jpg\" alt=\"\" width=\"300\" height=\"225\" srcset=\"https:\/\/www.enviblog.cz\/blog\/wp-content\/uploads\/2018\/08\/P1030293-300x225.jpg 300w, https:\/\/www.enviblog.cz\/blog\/wp-content\/uploads\/2018\/08\/P1030293-768x576.jpg 768w, https:\/\/www.enviblog.cz\/blog\/wp-content\/uploads\/2018\/08\/P1030293-1024x768.jpg 1024w\" sizes=\"(max-width: 300px) 100vw, 300px\" \/><\/a><figcaption id=\"caption-attachment-789\" class=\"wp-caption-text\">LG Ro\u017en\u00e1 &#8211; zde je situace je\u0161t\u011b relativn\u011b dobr\u00e1<\/figcaption><\/figure>\n<figure id=\"attachment_788\" aria-describedby=\"caption-attachment-788\" style=\"width: 300px\" class=\"wp-caption aligncenter\"><a href=\"http:\/\/chmibrno.org\/blog\/wp-content\/uploads\/2018\/08\/P1030287.jpg\"><img loading=\"lazy\" decoding=\"async\" class=\"wp-image-788 size-medium\" src=\"http:\/\/chmibrno.org\/blog\/wp-content\/uploads\/2018\/08\/P1030287-300x225.jpg\" alt=\"\" width=\"300\" height=\"225\" srcset=\"https:\/\/www.enviblog.cz\/blog\/wp-content\/uploads\/2018\/08\/P1030287-300x225.jpg 300w, https:\/\/www.enviblog.cz\/blog\/wp-content\/uploads\/2018\/08\/P1030287-768x576.jpg 768w, https:\/\/www.enviblog.cz\/blog\/wp-content\/uploads\/2018\/08\/P1030287-1024x768.jpg 1024w\" sizes=\"(max-width: 300px) 100vw, 300px\" \/><\/a><figcaption id=\"caption-attachment-788\" class=\"wp-caption-text\">Rak \u0159\u00ed\u010dn\u00ed v Ro\u017en\u00e9<\/figcaption><\/figure>\n<figure id=\"attachment_785\" aria-describedby=\"caption-attachment-785\" style=\"width: 225px\" class=\"wp-caption aligncenter\"><a href=\"http:\/\/chmibrno.org\/blog\/wp-content\/uploads\/2018\/08\/P1030258-e1535389031276.jpg\"><img loading=\"lazy\" decoding=\"async\" class=\"wp-image-785 size-medium\" src=\"http:\/\/chmibrno.org\/blog\/wp-content\/uploads\/2018\/08\/P1030258-e1535389031276-225x300.jpg\" alt=\"\" width=\"225\" height=\"300\" srcset=\"https:\/\/www.enviblog.cz\/blog\/wp-content\/uploads\/2018\/08\/P1030258-e1535389031276-225x300.jpg 225w, https:\/\/www.enviblog.cz\/blog\/wp-content\/uploads\/2018\/08\/P1030258-e1535389031276-768x1024.jpg 768w, https:\/\/www.enviblog.cz\/blog\/wp-content\/uploads\/2018\/08\/P1030258-e1535389031276.jpg 1920w\" sizes=\"(max-width: 225px) 100vw, 225px\" \/><\/a><figcaption id=\"caption-attachment-785\" class=\"wp-caption-text\">Libochovka v Doln\u00edch Lou\u010dk\u00e1ch (plocha povod\u00ed 121 km<sup>2<\/sup>)<\/figcaption><\/figure>\n<figure id=\"attachment_783\" aria-describedby=\"caption-attachment-783\" style=\"width: 300px\" class=\"wp-caption aligncenter\"><a href=\"http:\/\/chmibrno.org\/blog\/wp-content\/uploads\/2018\/08\/P1030256.jpg\"><img loading=\"lazy\" decoding=\"async\" class=\"wp-image-783 size-medium\" src=\"http:\/\/chmibrno.org\/blog\/wp-content\/uploads\/2018\/08\/P1030256-300x225.jpg\" alt=\"\" width=\"300\" height=\"225\" srcset=\"https:\/\/www.enviblog.cz\/blog\/wp-content\/uploads\/2018\/08\/P1030256-300x225.jpg 300w, https:\/\/www.enviblog.cz\/blog\/wp-content\/uploads\/2018\/08\/P1030256-768x576.jpg 768w, https:\/\/www.enviblog.cz\/blog\/wp-content\/uploads\/2018\/08\/P1030256-1024x768.jpg 1024w\" sizes=\"(max-width: 300px) 100vw, 300px\" \/><\/a><figcaption id=\"caption-attachment-783\" class=\"wp-caption-text\">Libochovka v Doln\u00edch Lou\u010dk\u00e1ch -soutok s Lou\u010dkou (plocha povod\u00ed 121 km<sup>2<\/sup>)<\/figcaption><\/figure>\n<figure id=\"attachment_786\" aria-describedby=\"caption-attachment-786\" style=\"width: 225px\" class=\"wp-caption aligncenter\"><a href=\"http:\/\/chmibrno.org\/blog\/wp-content\/uploads\/2018\/08\/P1030259-e1535389174559.jpg\"><img loading=\"lazy\" decoding=\"async\" class=\"wp-image-786 size-medium\" src=\"http:\/\/chmibrno.org\/blog\/wp-content\/uploads\/2018\/08\/P1030259-e1535389174559-225x300.jpg\" alt=\"\" width=\"225\" height=\"300\" srcset=\"https:\/\/www.enviblog.cz\/blog\/wp-content\/uploads\/2018\/08\/P1030259-e1535389174559-225x300.jpg 225w, https:\/\/www.enviblog.cz\/blog\/wp-content\/uploads\/2018\/08\/P1030259-e1535389174559-768x1024.jpg 768w, https:\/\/www.enviblog.cz\/blog\/wp-content\/uploads\/2018\/08\/P1030259-e1535389174559.jpg 1920w\" sizes=\"(max-width: 225px) 100vw, 225px\" \/><\/a><figcaption id=\"caption-attachment-786\" class=\"wp-caption-text\">Libochovka v Doln\u00edch Lou\u010dk\u00e1ch (plocha povod\u00ed 121 km<sup>2<\/sup>)<\/figcaption><\/figure>\n<figure id=\"attachment_792\" aria-describedby=\"caption-attachment-792\" style=\"width: 300px\" class=\"wp-caption aligncenter\"><a href=\"http:\/\/chmibrno.org\/blog\/wp-content\/uploads\/2018\/08\/P1030299.jpg\"><img loading=\"lazy\" decoding=\"async\" class=\"wp-image-792 size-medium\" src=\"http:\/\/chmibrno.org\/blog\/wp-content\/uploads\/2018\/08\/P1030299-300x225.jpg\" alt=\"\" width=\"300\" height=\"225\" srcset=\"https:\/\/www.enviblog.cz\/blog\/wp-content\/uploads\/2018\/08\/P1030299-300x225.jpg 300w, https:\/\/www.enviblog.cz\/blog\/wp-content\/uploads\/2018\/08\/P1030299-768x576.jpg 768w, https:\/\/www.enviblog.cz\/blog\/wp-content\/uploads\/2018\/08\/P1030299-1024x768.jpg 1024w\" sizes=\"(max-width: 300px) 100vw, 300px\" \/><\/a><figcaption id=\"caption-attachment-792\" class=\"wp-caption-text\">Libochovka v Kutin\u00e1ch (plocha povod\u00ed 119 km<sup>2<\/sup>)<\/figcaption><\/figure>\n<figure id=\"attachment_790\" aria-describedby=\"caption-attachment-790\" style=\"width: 300px\" class=\"wp-caption aligncenter\"><a href=\"http:\/\/chmibrno.org\/blog\/wp-content\/uploads\/2018\/08\/P1030297.jpg\"><img loading=\"lazy\" decoding=\"async\" class=\"wp-image-790 size-medium\" src=\"http:\/\/chmibrno.org\/blog\/wp-content\/uploads\/2018\/08\/P1030297-300x225.jpg\" alt=\"\" width=\"300\" height=\"225\" srcset=\"https:\/\/www.enviblog.cz\/blog\/wp-content\/uploads\/2018\/08\/P1030297-300x225.jpg 300w, https:\/\/www.enviblog.cz\/blog\/wp-content\/uploads\/2018\/08\/P1030297-768x576.jpg 768w, https:\/\/www.enviblog.cz\/blog\/wp-content\/uploads\/2018\/08\/P1030297-1024x768.jpg 1024w\" sizes=\"(max-width: 300px) 100vw, 300px\" \/><\/a><figcaption id=\"caption-attachment-790\" class=\"wp-caption-text\">Libochovka (plocha povod\u00ed 85,3 km<sup>2<\/sup>)\u00a0 &#8211; soutok s Haldou (plocha povod\u00ed 33,7 km<sup>2<\/sup>)<\/figcaption><\/figure>\n<figure id=\"attachment_796\" aria-describedby=\"caption-attachment-796\" style=\"width: 225px\" class=\"wp-caption aligncenter\"><a href=\"http:\/\/chmibrno.org\/blog\/wp-content\/uploads\/2018\/08\/P1030321-e1535389462310.jpg\"><img loading=\"lazy\" decoding=\"async\" class=\"wp-image-796 size-medium\" src=\"http:\/\/chmibrno.org\/blog\/wp-content\/uploads\/2018\/08\/P1030321-e1535389462310-225x300.jpg\" alt=\"\" width=\"225\" height=\"300\" srcset=\"https:\/\/www.enviblog.cz\/blog\/wp-content\/uploads\/2018\/08\/P1030321-e1535389462310-225x300.jpg 225w, https:\/\/www.enviblog.cz\/blog\/wp-content\/uploads\/2018\/08\/P1030321-e1535389462310-768x1024.jpg 768w, https:\/\/www.enviblog.cz\/blog\/wp-content\/uploads\/2018\/08\/P1030321-e1535389462310.jpg 1920w\" sizes=\"(max-width: 225px) 100vw, 225px\" \/><\/a><figcaption id=\"caption-attachment-796\" class=\"wp-caption-text\">Veverka pod hradem Veve\u0159\u00ed (plocha povod\u00ed 31,1 km<sup>2<\/sup>)<\/figcaption><\/figure>\n<figure id=\"attachment_794\" aria-describedby=\"caption-attachment-794\" style=\"width: 225px\" class=\"wp-caption aligncenter\"><a href=\"http:\/\/chmibrno.org\/blog\/wp-content\/uploads\/2018\/08\/P1030315-e1535389407348.jpg\"><img loading=\"lazy\" decoding=\"async\" class=\"wp-image-794 size-medium\" src=\"http:\/\/chmibrno.org\/blog\/wp-content\/uploads\/2018\/08\/P1030315-e1535389407348-225x300.jpg\" alt=\"\" width=\"225\" height=\"300\" srcset=\"https:\/\/www.enviblog.cz\/blog\/wp-content\/uploads\/2018\/08\/P1030315-e1535389407348-225x300.jpg 225w, https:\/\/www.enviblog.cz\/blog\/wp-content\/uploads\/2018\/08\/P1030315-e1535389407348-768x1024.jpg 768w, https:\/\/www.enviblog.cz\/blog\/wp-content\/uploads\/2018\/08\/P1030315-e1535389407348.jpg 1920w\" sizes=\"(max-width: 225px) 100vw, 225px\" \/><\/a><figcaption id=\"caption-attachment-794\" class=\"wp-caption-text\">Veverka pod hradem Veve\u0159\u00ed (plocha povod\u00ed 31,1 km<sup>2<\/sup>)<\/figcaption><\/figure>\n<figure id=\"attachment_795\" aria-describedby=\"caption-attachment-795\" style=\"width: 300px\" class=\"wp-caption aligncenter\"><a href=\"http:\/\/chmibrno.org\/blog\/wp-content\/uploads\/2018\/08\/P1030319.jpg\"><img loading=\"lazy\" decoding=\"async\" class=\"wp-image-795 size-medium\" src=\"http:\/\/chmibrno.org\/blog\/wp-content\/uploads\/2018\/08\/P1030319-300x225.jpg\" alt=\"\" width=\"300\" height=\"225\" srcset=\"https:\/\/www.enviblog.cz\/blog\/wp-content\/uploads\/2018\/08\/P1030319-300x225.jpg 300w, https:\/\/www.enviblog.cz\/blog\/wp-content\/uploads\/2018\/08\/P1030319-768x576.jpg 768w, https:\/\/www.enviblog.cz\/blog\/wp-content\/uploads\/2018\/08\/P1030319-1024x768.jpg 1024w\" sizes=\"(max-width: 300px) 100vw, 300px\" \/><\/a><figcaption id=\"caption-attachment-795\" class=\"wp-caption-text\">Veverka pod hradem Veve\u0159\u00ed (plocha povod\u00ed 31,1 km<sup>2<\/sup>)<\/figcaption><\/figure>\n<p>Podobn\u00e1 situace panuje bohu\u017eel v\u00a0\u0159ad\u011b dal\u0161\u00edch oblast\u00ed nejen v\u00a0p\u016fsobnosti na\u0161\u00ed pobo\u010dky, ale v\u00a0cel\u00e9 \u010cesk\u00e9 republice. Na dal\u0161\u00ed fotografie se m\u016f\u017eete pod\u00edvat nap\u0159\u00edklad na str\u00e1nk\u00e1ch <a href=\"http:\/\/www.pmo.cz\/cz\/galerie\/sucho-v-tocich\/\">Povod\u00ed Moravy<\/a>.<\/p>\n","protected":false},"excerpt":{"rendered":"<p>P\u0159i pravideln\u00fdch kontrol\u00e1ch jsou v\u00a0sou\u010dasn\u00e9 dob\u011b na \u0159ad\u011b hydrologick\u00fdch stanic provedena rekordn\u011b n\u00edzk\u00e1 m\u011b\u0159en\u00ed pr\u016ftok\u016f. Dnes bych ale cht\u011bl uk\u00e1zat situaci na n\u011bkter\u00fdch toc\u00edch v\u00fdchodn\u00edho okraje \u010ceskomoravsk\u00e9 vrchoviny, kter\u00e9 \u010cHM\u00da pravideln\u011b nepozoruje. \u0158ada z\u00a0t\u011bchto tok\u016f je toti\u017e \u00fapln\u011b vyschl\u00e1, p\u0159esto\u017ee n\u011bkter\u00e9 z\u00a0nich jsou pom\u011brn\u011b v\u00fdznamn\u00e9 a plocha jejich povod\u00ed p\u0159esahuje i 100 km2. Jedn\u00e1 se [&hellip;]<\/p>\n","protected":false},"author":9,"featured_media":784,"comment_status":"open","ping_status":"open","sticky":false,"template":"","format":"standard","meta":{"jetpack_post_was_ever_published":false,"_jetpack_newsletter_access":"","_jetpack_dont_email_post_to_subs":false,"_jetpack_newsletter_tier_id":0,"_jetpack_memberships_contains_paywalled_content":false,"_jetpack_memberships_contains_paid_content":false,"footnotes":"","jetpack_publicize_message":"","jetpack_publicize_feature_enabled":true,"jetpack_social_post_already_shared":true,"jetpack_social_options":{"image_generator_settings":{"template":"highway","enabled":false},"version":2}},"categories":[4],"tags":[31],"coauthors":[20],"class_list":["post-781","post","type-post","status-publish","format-standard","has-post-thumbnail","hentry","category-voda","tag-sucho","entry","has-media"],"jetpack_publicize_connections":[],"jetpack_sharing_enabled":true,"jetpack_featured_media_url":"https:\/\/www.enviblog.cz\/blog\/wp-content\/uploads\/2018\/08\/P1030257.jpg","jetpack_shortlink":"https:\/\/wp.me\/pa1A1I-cB","_links":{"self":[{"href":"https:\/\/www.enviblog.cz\/blog\/wp-json\/wp\/v2\/posts\/781","targetHints":{"allow":["GET"]}}],"collection":[{"href":"https:\/\/www.enviblog.cz\/blog\/wp-json\/wp\/v2\/posts"}],"about":[{"href":"https:\/\/www.enviblog.cz\/blog\/wp-json\/wp\/v2\/types\/post"}],"author":[{"embeddable":true,"href":"https:\/\/www.enviblog.cz\/blog\/wp-json\/wp\/v2\/users\/9"}],"replies":[{"embeddable":true,"href":"https:\/\/www.enviblog.cz\/blog\/wp-json\/wp\/v2\/comments?post=781"}],"version-history":[{"count":11,"href":"https:\/\/www.enviblog.cz\/blog\/wp-json\/wp\/v2\/posts\/781\/revisions"}],"predecessor-version":[{"id":807,"href":"https:\/\/www.enviblog.cz\/blog\/wp-json\/wp\/v2\/posts\/781\/revisions\/807"}],"wp:featuredmedia":[{"embeddable":true,"href":"https:\/\/www.enviblog.cz\/blog\/wp-json\/wp\/v2\/media\/784"}],"wp:attachment":[{"href":"https:\/\/www.enviblog.cz\/blog\/wp-json\/wp\/v2\/media?parent=781"}],"wp:term":[{"taxonomy":"category","embeddable":true,"href":"https:\/\/www.enviblog.cz\/blog\/wp-json\/wp\/v2\/categories?post=781"},{"taxonomy":"post_tag","embeddable":true,"href":"https:\/\/www.enviblog.cz\/blog\/wp-json\/wp\/v2\/tags?post=781"},{"taxonomy":"author","embeddable":true,"href":"https:\/\/www.enviblog.cz\/blog\/wp-json\/wp\/v2\/coauthors?post=781"}],"curies":[{"name":"wp","href":"https:\/\/api.w.org\/{rel}","templated":true}]}}