{"id":696,"date":"2018-08-12T23:10:09","date_gmt":"2018-08-12T21:10:09","guid":{"rendered":"https:\/\/www.enviblog.cz\/blog\/?p=696"},"modified":"2018-08-13T22:42:31","modified_gmt":"2018-08-13T20:42:31","slug":"a-zase-ta-altamira","status":"publish","type":"post","link":"https:\/\/www.enviblog.cz\/blog\/2018\/08\/12\/a-zase-ta-altamira\/","title":{"rendered":"A zase ta Altamira&#8230;"},"content":{"rendered":"<p><em>V\u0161ichni ti, v\u010detn\u011b m\u011b, co doufali, \u017ee kone\u010dn\u011b zapr\u0161\u00ed a oni na t\u011bchto str\u00e1nk\u00e1ch u\u017e nebudou muset \u010d\u00edst o n\u011bjak\u00e9 pseudoAltami\u0159e, maj\u00ed sm\u016flu&#8230; Douf\u00e1m, \u017ee tento n\u00e1zev nikoho neur\u00e1\u017e\u00ed, bylo to moment\u00e1ln\u00ed vnuknut\u00ed&#8230; To se tak po n\u011bkolikahodinov\u00fdch pobytech v podzem\u00ed ob\u010das st\u00e1v\u00e1&#8230; A proto\u017ee such\u00e9 a tepl\u00e9 po\u010das\u00ed sv\u016fj tah Evropou prozat\u00edm nevzd\u00e1v\u00e1, asi se k Altami\u0159e budeme je\u0161t\u011b vracet&#8230;<\/em><\/p>\n<p>Ale okolnosti k n\u00e1m byly tentokr\u00e1t opravdu vst\u0159\u00edcn\u00e9&#8230; Do Moravsk\u00e9ho krasu zav\u00edtali zku\u0161en\u00ed fotografov\u00e9 podzemn\u00edch prostor &#8211; Kamila a Jirka \u0160\u00edrovi z Prahy (v\u0161echny fotografie v tomto p\u0159\u00edsp\u011bvku poch\u00e1zej\u00ed z jejich fotoapar\u00e1tu). Prostora, o kter\u00e9 podle v\u0161eho nikdo moc nev\u00ed, nafocen\u00e1 profesion\u00e1ln\u00edmi fotografy, to je v\u00e1\u017en\u011b klika!\u00a0 Nav\u00edc se n\u00e1m v podstat\u011b &#8222;na prvn\u00ed dobrou&#8220; poda\u0159ilo zajistit vhodn\u00fd nafukovac\u00ed \u010dlun, tak\u017ee volba dokumentovan\u00e9 \u010dinnosti v Altami\u0159e za\u010dala m\u00edt jasn\u011bj\u0161\u00ed kontury&#8230; P\u0159eplav\u00edm se p\u0159es jezero a pokus\u00edm se naj\u00edt dal\u0161\u00ed pokra\u010dov\u00e1n\u00ed t\u00e9to tak vz\u00e1cn\u011b p\u0159\u00edstupn\u00e9 prostory. Z tohoto d\u016fvodu jsme s sebou vzali i lezeck\u00e9 vybaven\u00ed, proto\u017ee pravd\u011bpodobnost, \u017ee se obejdeme bez n\u011bj, byla n\u00edzk\u00e1&#8230;<\/p>\n<figure id=\"attachment_719\" aria-describedby=\"caption-attachment-719\" style=\"width: 659px\" class=\"wp-caption alignnone\"><a href=\"http:\/\/chmibrno.org\/blog\/2018\/08\/12\/a-zase-ta-altamira\/amaterska-jeskyne-5kamila-motyckova-a-jiri-sir_2-2\/#main\" rel=\"attachment wp-att-719\"><img fetchpriority=\"high\" decoding=\"async\" class=\" wp-image-719\" src=\"http:\/\/chmibrno.org\/blog\/wp-content\/uploads\/2018\/08\/Amat\u00e9rsk\u00e1-jeskyn\u011b-5Kamila-Moty\u010dkov\u00e1-a-Ji\u0159\u00ed-\u0160\u00edr_2-1-200x300.jpg\" alt=\"\" width=\"659\" height=\"989\" srcset=\"https:\/\/www.enviblog.cz\/blog\/wp-content\/uploads\/2018\/08\/Amat\u00e9rsk\u00e1-jeskyn\u011b-5Kamila-Moty\u010dkov\u00e1-a-Ji\u0159\u00ed-\u0160\u00edr_2-1-200x300.jpg 200w, https:\/\/www.enviblog.cz\/blog\/wp-content\/uploads\/2018\/08\/Amat\u00e9rsk\u00e1-jeskyn\u011b-5Kamila-Moty\u010dkov\u00e1-a-Ji\u0159\u00ed-\u0160\u00edr_2-1-768x1152.jpg 768w, https:\/\/www.enviblog.cz\/blog\/wp-content\/uploads\/2018\/08\/Amat\u00e9rsk\u00e1-jeskyn\u011b-5Kamila-Moty\u010dkov\u00e1-a-Ji\u0159\u00ed-\u0160\u00edr_2-1-683x1024.jpg 683w\" sizes=\"(max-width: 659px) 100vw, 659px\" \/><\/a><figcaption id=\"caption-attachment-719\" class=\"wp-caption-text\">P\u0159\u00edtokov\u00fd sifon Sloupsk\u00e9ho potoka do Bludi\u0161t\u011b M. \u0160lechty. Doposud platilo, \u017ee kdy\u017e se poda\u0159\u00ed doj\u00edt a\u017e sem, je sucho, p\u0159esto\u017ee Kamila by u\u017e sed\u011bla ve vod\u011b&#8230; Letos je to ale jinak, hladina sifonu je minim\u00e1ln\u011b o metr n\u00ed\u017e a my otvorem u paty lev\u00e9 p\u0159\u00edtokov\u00e9 st\u011bny m\u016f\u017eeme docela pohodln\u011b vstoupit do Altamiry. Kabel vlevo pat\u0159\u00ed k na\u0161\u00ed sond\u011b, vpravo je nata\u017eeno pot\u00e1p\u011b\u010dsk\u00e9 vod\u00edc\u00ed lanko&#8230;<\/figcaption><\/figure>\n<figure id=\"attachment_721\" aria-describedby=\"caption-attachment-721\" style=\"width: 662px\" class=\"wp-caption alignnone\"><a href=\"http:\/\/chmibrno.org\/blog\/2018\/08\/12\/a-zase-ta-altamira\/amaterska-jeskyne-6kamila-motyckova-a-jiri-sir-2\/#main\" rel=\"attachment wp-att-721\"><img decoding=\"async\" class=\" wp-image-721\" src=\"http:\/\/chmibrno.org\/blog\/wp-content\/uploads\/2018\/08\/Amat\u00e9rsk\u00e1-jeskyn\u011b-6Kamila-Moty\u010dkov\u00e1-a-Ji\u0159\u00ed-\u0160\u00edr-1-1-300x200.jpg\" alt=\"\" width=\"662\" height=\"441\" srcset=\"https:\/\/www.enviblog.cz\/blog\/wp-content\/uploads\/2018\/08\/Amat\u00e9rsk\u00e1-jeskyn\u011b-6Kamila-Moty\u010dkov\u00e1-a-Ji\u0159\u00ed-\u0160\u00edr-1-1-300x200.jpg 300w, https:\/\/www.enviblog.cz\/blog\/wp-content\/uploads\/2018\/08\/Amat\u00e9rsk\u00e1-jeskyn\u011b-6Kamila-Moty\u010dkov\u00e1-a-Ji\u0159\u00ed-\u0160\u00edr-1-1-768x512.jpg 768w, https:\/\/www.enviblog.cz\/blog\/wp-content\/uploads\/2018\/08\/Amat\u00e9rsk\u00e1-jeskyn\u011b-6Kamila-Moty\u010dkov\u00e1-a-Ji\u0159\u00ed-\u0160\u00edr-1-1-1024x683.jpg 1024w\" sizes=\"(max-width: 662px) 100vw, 662px\" \/><\/a><figcaption id=\"caption-attachment-721\" class=\"wp-caption-text\">Bolek a Tommy u\u017e za p\u0159\u00edtokovou st\u011bnou&#8230;<\/figcaption><\/figure>\n<p>No ano, zva\u017eoval jsem, jestli se s t\u00edm v\u0161\u00edm tahat &#8211; lana, sed\u00e1ky, karabiny, vrta\u010dka, kotvy a plakety atd&#8230;. Ale po p\u0159eplut\u00ed jezera do jeho severov\u00fdchodn\u00edho c\u00edpu, kde se na prvn\u00ed pohled nab\u00edzelo n\u011bjak\u00e9 pokra\u010dov\u00e1n\u00ed, jsem musel uznat, \u017ee bez &#8222;\u017eelez&#8220; to nep\u016fjde. Jezero ve sv\u00e9m severov\u00fdchodn\u00edm c\u00edpu &#8222;vyb\u00edh\u00e1&#8220; v jak\u00fdsi &#8222;ocas&#8220;. Tam, kde &#8222;ocas&#8220; \u00fast\u00ed do jezera, jsem \u010dlun musel opustit a d\u00e1l traverzoval asi 3 m daleko nad necel\u00fd metr \u0161irokou hladinou. Zde je dal\u0161\u00ed pokra\u010dov\u00e1n\u00ed &#8222;ocasu&#8220; p\u0159ehrazeno st\u011bnou slepenou ze sediment\u016f v\u0161ech mo\u017en\u00fdch frakc\u00ed &#8211; od j\u00edlu a p\u00edsku a\u017e po \u010dern\u00e9 kulmsk\u00e9 valouny velikosti 10 cm. St\u011bna dosahuje v\u00fd\u0161ky asi 4.5 m nad dne\u0161n\u00ed hladinu sifonu a je jasn\u00e9, \u017ee za n\u00ed se n\u011bco nach\u00e1z\u00ed&#8230; A kdy\u017e se pod\u00edv\u00e1m p\u0159es lev\u00e9 rameno na druhou stranu, pod stropem vid\u00edm mal\u00fd otvor, kter\u00fd tak\u00e9 slibuje n\u011bjak\u00e9 pokra\u010dov\u00e1n\u00ed a to na opa\u010dnou stranu. Inu, nezb\u00fdv\u00e1 nic jin\u00e9ho, ne\u017e vyt\u00e1hnout akuvrta\u010dku a pustit se do sk\u00e1ly&#8230;<\/p>\n<figure id=\"attachment_704\" aria-describedby=\"caption-attachment-704\" style=\"width: 659px\" class=\"wp-caption alignnone\"><a href=\"http:\/\/chmibrno.org\/blog\/2018\/08\/12\/a-zase-ta-altamira\/amaterska-jeskyne-3kamila-motyckova-a-jiri-sir-2\/#main\" rel=\"attachment wp-att-704\"><img decoding=\"async\" class=\" wp-image-704\" src=\"http:\/\/chmibrno.org\/blog\/wp-content\/uploads\/2018\/08\/Amat\u00e9rsk\u00e1-jeskyn\u011b-3Kamila-Moty\u010dkov\u00e1-a-Ji\u0159\u00ed-\u0160\u00edr-1-1-200x300.jpg\" alt=\"\" width=\"659\" height=\"989\" srcset=\"https:\/\/www.enviblog.cz\/blog\/wp-content\/uploads\/2018\/08\/Amat\u00e9rsk\u00e1-jeskyn\u011b-3Kamila-Moty\u010dkov\u00e1-a-Ji\u0159\u00ed-\u0160\u00edr-1-1-200x300.jpg 200w, https:\/\/www.enviblog.cz\/blog\/wp-content\/uploads\/2018\/08\/Amat\u00e9rsk\u00e1-jeskyn\u011b-3Kamila-Moty\u010dkov\u00e1-a-Ji\u0159\u00ed-\u0160\u00edr-1-1-768x1152.jpg 768w, https:\/\/www.enviblog.cz\/blog\/wp-content\/uploads\/2018\/08\/Amat\u00e9rsk\u00e1-jeskyn\u011b-3Kamila-Moty\u010dkov\u00e1-a-Ji\u0159\u00ed-\u0160\u00edr-1-1-683x1024.jpg 683w\" sizes=\"(max-width: 659px) 100vw, 659px\" \/><\/a><figcaption id=\"caption-attachment-704\" class=\"wp-caption-text\">Vrt\u00e1m otvor pro prvn\u00ed plaketu&#8230;<\/figcaption><\/figure>\n<figure id=\"attachment_708\" aria-describedby=\"caption-attachment-708\" style=\"width: 658px\" class=\"wp-caption alignnone\"><a href=\"http:\/\/chmibrno.org\/blog\/2018\/08\/12\/a-zase-ta-altamira\/amaterska-jeskyne-4kamila-motyckova-a-jiri-sir-4\/#main\" rel=\"attachment wp-att-708\"><img loading=\"lazy\" decoding=\"async\" class=\" wp-image-708\" src=\"http:\/\/chmibrno.org\/blog\/wp-content\/uploads\/2018\/08\/Amat\u00e9rsk\u00e1-jeskyn\u011b-4Kamila-Moty\u010dkov\u00e1-a-Ji\u0159\u00ed-\u0160\u00edr-1-3-200x300.jpg\" alt=\"\" width=\"658\" height=\"987\" srcset=\"https:\/\/www.enviblog.cz\/blog\/wp-content\/uploads\/2018\/08\/Amat\u00e9rsk\u00e1-jeskyn\u011b-4Kamila-Moty\u010dkov\u00e1-a-Ji\u0159\u00ed-\u0160\u00edr-1-3-200x300.jpg 200w, https:\/\/www.enviblog.cz\/blog\/wp-content\/uploads\/2018\/08\/Amat\u00e9rsk\u00e1-jeskyn\u011b-4Kamila-Moty\u010dkov\u00e1-a-Ji\u0159\u00ed-\u0160\u00edr-1-3-768x1152.jpg 768w, https:\/\/www.enviblog.cz\/blog\/wp-content\/uploads\/2018\/08\/Amat\u00e9rsk\u00e1-jeskyn\u011b-4Kamila-Moty\u010dkov\u00e1-a-Ji\u0159\u00ed-\u0160\u00edr-1-3-683x1024.jpg 683w\" sizes=\"(max-width: 658px) 100vw, 658px\" \/><\/a><figcaption id=\"caption-attachment-708\" class=\"wp-caption-text\">&#8230;a natlouk\u00e1m kotvu s plaketou pro zav\u011b\u0161en\u00ed karabiny. Sediment\u00e1rn\u00ed st\u011bna po m\u00e9 pravici je na tomto obr\u00e1zku vid\u011bt o n\u011bco l\u00e9pe. A kdy\u017e bych se pod\u00edval nahoru \u0161ikmo doleva, vid\u011bl bych i ten otvor pod stropem.<\/figcaption><\/figure>\n<p>Celkem to vy\u0161lo na t\u0159i plakety, abych se dostal dostate\u010dn\u011b vysoko&#8230; M\u016fj prvn\u00ed pohled sm\u011b\u0159uje doleva sm\u011brem k otvoru pod stropem a ouha, co to vid\u00edm?! Po prudk\u00e9m svahu se z n\u011bj plaz\u00ed jemn\u00fdmi sedimenty lehce p\u0159ikryt\u00e9 lano! Kon\u010d\u00ed asi dva metry ode m\u011b. Teprve te\u010f jsem si ho v\u0161iml&#8230; A tak jsem se &#8222;zasm\u00e1l&#8220;, no co&#8230; aspo\u0148 se tam nemus\u00edm pino\u017eit&#8230; Ten, kdo tam p\u0159ede mnou byl, asi nic extra neobjevil, jinak by tato prostora musela b\u00fdt jesky\u0148\u00e1\u0159\u016fm zn\u00e1ma&#8230; A je jim vlastn\u011b zn\u00e1ma?! Jak dlouho tu to lano vlastn\u011b u\u017e vis\u00ed? Ka\u017edop\u00e1dn\u011b, na posledn\u00ed map\u011b Amat\u00e9rsk\u00e9 jeskyn\u011b (z r. 1998) tato prostora zakreslena nen\u00ed. Nen\u00ed ani na map\u011b P\u0159ibyla a Rajmana z r. 1980&#8230; Amat\u00e9rsk\u00e1 jeskyn\u011b byla objevena p\u0159ed pades\u00e1ti lety&#8230; Nechali zde lano pot\u00e1p\u011b\u010di, o jejich\u017e n\u011bkdej\u0161\u00ed p\u0159\u00edtomnosti na tomto m\u00edst\u011b sv\u011bd\u010d\u00ed vod\u00edc\u00ed lanko v sifonu pode mnou? Na tyto ot\u00e1zky budu muset hledat odpov\u011bdi u samotn\u00fdch jesky\u0148\u00e1\u0159\u016f, pravd\u011bpodobn\u011b t\u011bch star\u0161\u00edch pam\u011btn\u00edk\u016f&#8230;<\/p>\n<p>Se sm\u00ed\u0161en\u00fdmi pocity se tedy obrac\u00edm doprava, abych se vy\u0161kr\u00e1bal na hranu on\u00e9 sediment\u00e1rn\u00ed st\u011bny. Snad aspo\u0148 tady bude n\u011bco zaj\u00edmav\u00e9ho&#8230; No&#8230; pode mnou je dal\u0161\u00ed hladina pr\u016fm\u011bru asi 5 m, ze v\u0161ech stran uzav\u0159en\u00e1 kolm\u00fdmi st\u011bnami. Ale ve strop\u011b nad touto studnou, jej\u00ed\u017e voda je bezesporu pokra\u010dov\u00e1n\u00edm sifonovit\u00e9ho jezera, po n\u011bm\u017e jsem p\u0159iplul, se ve v\u00fd\u0161ce asi 2 metr\u016f nad moj\u00ed hlavou nach\u00e1z\u00ed \u00fast\u00ed kom\u00edna, asi 3 m v pr\u016fm\u011bru. Hned m\u011b napad\u00e1, \u017ee se d\u00edv\u00e1m zespodu do j\u00edcnu Jezern\u00ed propasti, kter\u00e1 k na\u0161\u00ed Altami\u0159e t\u011bsn\u011b p\u0159il\u00e9h\u00e1 (viz m\u016fj p\u0159\u00edsp\u011bvek s mapkou ze 7.7.2018). To lze snadno ov\u011b\u0159it&#8230; Sl\u00e9z\u00e1m tedy po sv\u00e9 vystrojen\u00e9 cest\u011b a na \u010dlunu se vrac\u00edm zp\u011bt za trp\u011bliv\u00fdmi kamar\u00e1dy. Vysvl\u00e9k\u00e1m se z &#8222;cajk\u016f&#8220; a ut\u00edk\u00e1m p\u0159es Rozlehlou chodbu do Jezern\u00ed propasti. Tam na &#8222;balk\u00f3nku&#8220; nad samotnou propast\u00ed vid\u00edm a sly\u0161\u00edm, \u017ee jsem se nezm\u00fdlil. S kolegy dole v Altami\u0159e se mi da\u0159\u00ed docela dob\u0159e dorozum\u011bt a sv\u011btla na\u0161ich \u010delovek propojen\u00ed obou prostor tak\u00e9 potvrzuj\u00ed. To\u017e, aspo\u0148 to&#8230; Taky kr\u00e1sn\u00fd v\u00fdsledek n\u011bkolikahodinov\u00e9ho \u00fasil\u00ed!<\/p>\n<p>Tedy, co zde d\u00e1l? V prv\u00e9 \u0159ad\u011b, dokud kraluje sucho, zaj\u00edt do Altamiry a Jezern\u00ed propasti se skenerem. Ob\u011b lokality naskenovat a doplnit tak b\u00edl\u00e1 m\u00edsta na map\u011b Amat\u00e9rsk\u00e9 jeskyn\u011b. Za dal\u0161\u00ed, zjistit, jak se to m\u00e1 s histori\u00ed v\u00fdzkum\u016f t\u00e9to \u010d\u00e1sti jeskyn\u011b a podle toho uv\u00e1\u017eit, zda nem\u00e1 v\u00fdznam se p\u0159ece jen do otvoru pod stropem vy\u0161plhat&#8230; Cesta se ale nab\u00edz\u00ed i po hladin\u011b jezera &#8211; sifonu. Pod\u00edv\u00e1te-li se na obr\u00e1zek \u00fapln\u011b naho\u0159e&#8230; St\u011bna nach\u00e1zej\u00edc\u00ed se za \u010dlunem s mou mali\u010dkost\u00ed je skaln\u00ed kulisa sahaj\u00edc\u00ed n\u011bkde odhadem metr pod hladinu, jinde i v\u00fdrazn\u011b m\u00e9n\u011b. Mal\u00fdm &#8222;oknem&#8220; ve sk\u00e1le je vid\u011bt do vedlej\u0161\u00ed prostory. Tedy, kdyby voda je\u0161t\u011b klesla, dala by se st\u011bna podplout&#8230; Tak nev\u00edm, za co se te\u010f m\u00e1m modlit&#8230; A\u0165 pr\u0161\u00ed a nebo rad\u011bji je\u0161t\u011b ne&#8230;?<\/p>\n<figure id=\"attachment_723\" aria-describedby=\"caption-attachment-723\" style=\"width: 643px\" class=\"wp-caption alignnone\"><a href=\"http:\/\/chmibrno.org\/blog\/2018\/08\/12\/a-zase-ta-altamira\/amaterska-jeskyne-8kamila-motyckova-a-jiri-sir\/#main\" rel=\"attachment wp-att-723\"><img loading=\"lazy\" decoding=\"async\" class=\" wp-image-723\" src=\"http:\/\/chmibrno.org\/blog\/wp-content\/uploads\/2018\/08\/Amat\u00e9rsk\u00e1-jeskyn\u011b-8Kamila-Moty\u010dkov\u00e1-a-Ji\u0159\u00ed-\u0160\u00edr--200x300.jpg\" alt=\"\" width=\"643\" height=\"965\" srcset=\"https:\/\/www.enviblog.cz\/blog\/wp-content\/uploads\/2018\/08\/Amat\u00e9rsk\u00e1-jeskyn\u011b-8Kamila-Moty\u010dkov\u00e1-a-Ji\u0159\u00ed-\u0160\u00edr--200x300.jpg 200w, https:\/\/www.enviblog.cz\/blog\/wp-content\/uploads\/2018\/08\/Amat\u00e9rsk\u00e1-jeskyn\u011b-8Kamila-Moty\u010dkov\u00e1-a-Ji\u0159\u00ed-\u0160\u00edr--768x1152.jpg 768w, https:\/\/www.enviblog.cz\/blog\/wp-content\/uploads\/2018\/08\/Amat\u00e9rsk\u00e1-jeskyn\u011b-8Kamila-Moty\u010dkov\u00e1-a-Ji\u0159\u00ed-\u0160\u00edr--683x1024.jpg 683w\" sizes=\"(max-width: 643px) 100vw, 643px\" \/><\/a><figcaption id=\"caption-attachment-723\" class=\"wp-caption-text\">Na z\u00e1v\u011br je\u0161t\u011b p\u00e1r fotografi\u00ed z d\u00edlny man\u017eel\u016f \u0160\u00edrov\u00fdch&#8230; Zde Hlavn\u00ed chodba Bludi\u0161t\u011b mezi III. vchodem a Povod\u0148ov\u00fdm soutokem.<\/figcaption><\/figure>\n<figure id=\"attachment_724\" aria-describedby=\"caption-attachment-724\" style=\"width: 640px\" class=\"wp-caption alignnone\"><a href=\"http:\/\/chmibrno.org\/blog\/2018\/08\/12\/a-zase-ta-altamira\/amaterska-jeskyne-9kamila-motyckova-a-jiri-sir\/#main\" rel=\"attachment wp-att-724\"><img loading=\"lazy\" decoding=\"async\" class=\" wp-image-724\" src=\"http:\/\/chmibrno.org\/blog\/wp-content\/uploads\/2018\/08\/Amat\u00e9rsk\u00e1-jeskyn\u011b-9Kamila-Moty\u010dkov\u00e1-a-Ji\u0159\u00ed-\u0160\u00edr--200x300.jpg\" alt=\"\" width=\"640\" height=\"960\" srcset=\"https:\/\/www.enviblog.cz\/blog\/wp-content\/uploads\/2018\/08\/Amat\u00e9rsk\u00e1-jeskyn\u011b-9Kamila-Moty\u010dkov\u00e1-a-Ji\u0159\u00ed-\u0160\u00edr--200x300.jpg 200w, https:\/\/www.enviblog.cz\/blog\/wp-content\/uploads\/2018\/08\/Amat\u00e9rsk\u00e1-jeskyn\u011b-9Kamila-Moty\u010dkov\u00e1-a-Ji\u0159\u00ed-\u0160\u00edr--768x1152.jpg 768w, https:\/\/www.enviblog.cz\/blog\/wp-content\/uploads\/2018\/08\/Amat\u00e9rsk\u00e1-jeskyn\u011b-9Kamila-Moty\u010dkov\u00e1-a-Ji\u0159\u00ed-\u0160\u00edr--683x1024.jpg 683w\" sizes=\"(max-width: 640px) 100vw, 640px\" \/><\/a><figcaption id=\"caption-attachment-724\" class=\"wp-caption-text\">Prostor pro imaginaci&#8230; A m\u011b\u0159\u00edtko? Nejv\u011bt\u0161\u00ed z \u010dern\u00fdch kulmsk\u00fdch valoun\u016f v prav\u00e9 horn\u00ed \u010d\u00e1sti fotografie maj\u00ed velikost p\u0159ibli\u017en\u011b 10 cm.<\/figcaption><\/figure>\n<figure id=\"attachment_725\" aria-describedby=\"caption-attachment-725\" style=\"width: 654px\" class=\"wp-caption alignnone\"><a href=\"http:\/\/chmibrno.org\/blog\/2018\/08\/12\/a-zase-ta-altamira\/amaterska-jeskyne-7kamila-motyckova-a-jiri-sir-2\/#main\" rel=\"attachment wp-att-725\"><img loading=\"lazy\" decoding=\"async\" class=\" wp-image-725\" src=\"http:\/\/chmibrno.org\/blog\/wp-content\/uploads\/2018\/08\/Amat\u00e9rsk\u00e1-jeskyn\u011b-7Kamila-Moty\u010dkov\u00e1-a-Ji\u0159\u00ed-\u0160\u00edr-1-1-300x200.jpg\" alt=\"\" width=\"654\" height=\"436\" srcset=\"https:\/\/www.enviblog.cz\/blog\/wp-content\/uploads\/2018\/08\/Amat\u00e9rsk\u00e1-jeskyn\u011b-7Kamila-Moty\u010dkov\u00e1-a-Ji\u0159\u00ed-\u0160\u00edr-1-1-300x200.jpg 300w, https:\/\/www.enviblog.cz\/blog\/wp-content\/uploads\/2018\/08\/Amat\u00e9rsk\u00e1-jeskyn\u011b-7Kamila-Moty\u010dkov\u00e1-a-Ji\u0159\u00ed-\u0160\u00edr-1-1-768x512.jpg 768w, https:\/\/www.enviblog.cz\/blog\/wp-content\/uploads\/2018\/08\/Amat\u00e9rsk\u00e1-jeskyn\u011b-7Kamila-Moty\u010dkov\u00e1-a-Ji\u0159\u00ed-\u0160\u00edr-1-1-1024x683.jpg 1024w\" sizes=\"(max-width: 654px) 100vw, 654px\" \/><\/a><figcaption id=\"caption-attachment-725\" class=\"wp-caption-text\">Jedno z nejv\u00edce fotografovan\u00fdch m\u00edst v Amat\u00e9rsk\u00e9 jeskyni &#8211; stalagmitov\u00e1 kupa Lokomotiva v D\u00f3mu u dvou velk\u00fdch v Maco\u0161sk\u00e9m koridoru.<\/figcaption><\/figure>\n","protected":false},"excerpt":{"rendered":"<p>V\u0161ichni ti, v\u010detn\u011b m\u011b, co doufali, \u017ee kone\u010dn\u011b zapr\u0161\u00ed a oni na t\u011bchto str\u00e1nk\u00e1ch u\u017e nebudou muset \u010d\u00edst o n\u011bjak\u00e9 pseudoAltami\u0159e, maj\u00ed sm\u016flu&#8230; Douf\u00e1m, \u017ee tento n\u00e1zev nikoho neur\u00e1\u017e\u00ed, bylo to moment\u00e1ln\u00ed vnuknut\u00ed&#8230; To se tak po n\u011bkolikahodinov\u00fdch pobytech v podzem\u00ed ob\u010das st\u00e1v\u00e1&#8230; A proto\u017ee such\u00e9 a tepl\u00e9 po\u010das\u00ed sv\u016fj tah Evropou prozat\u00edm nevzd\u00e1v\u00e1, asi [&hellip;]<\/p>\n","protected":false},"author":4,"featured_media":701,"comment_status":"open","ping_status":"open","sticky":false,"template":"","format":"standard","meta":{"jetpack_post_was_ever_published":false,"_jetpack_newsletter_access":"","_jetpack_dont_email_post_to_subs":false,"_jetpack_newsletter_tier_id":0,"_jetpack_memberships_contains_paywalled_content":false,"_jetpack_memberships_contains_paid_content":false,"footnotes":"","jetpack_publicize_message":"","jetpack_publicize_feature_enabled":true,"jetpack_social_post_already_shared":true,"jetpack_social_options":{"image_generator_settings":{"template":"highway","enabled":false},"version":2}},"categories":[4],"tags":[9],"coauthors":[27],"class_list":["post-696","post","type-post","status-publish","format-standard","has-post-thumbnail","hentry","category-voda","tag-jeskyne","entry","has-media"],"jetpack_publicize_connections":[],"jetpack_sharing_enabled":true,"jetpack_featured_media_url":"https:\/\/www.enviblog.cz\/blog\/wp-content\/uploads\/2018\/08\/Amat\u00e9rsk\u00e1-jeskyn\u011b-1Kamila-Moty\u010dkov\u00e1-a-Ji\u0159\u00ed-\u0160\u00edr-1-2.jpg","jetpack_shortlink":"https:\/\/wp.me\/pa1A1I-be","_links":{"self":[{"href":"https:\/\/www.enviblog.cz\/blog\/wp-json\/wp\/v2\/posts\/696","targetHints":{"allow":["GET"]}}],"collection":[{"href":"https:\/\/www.enviblog.cz\/blog\/wp-json\/wp\/v2\/posts"}],"about":[{"href":"https:\/\/www.enviblog.cz\/blog\/wp-json\/wp\/v2\/types\/post"}],"author":[{"embeddable":true,"href":"https:\/\/www.enviblog.cz\/blog\/wp-json\/wp\/v2\/users\/4"}],"replies":[{"embeddable":true,"href":"https:\/\/www.enviblog.cz\/blog\/wp-json\/wp\/v2\/comments?post=696"}],"version-history":[{"count":10,"href":"https:\/\/www.enviblog.cz\/blog\/wp-json\/wp\/v2\/posts\/696\/revisions"}],"predecessor-version":[{"id":727,"href":"https:\/\/www.enviblog.cz\/blog\/wp-json\/wp\/v2\/posts\/696\/revisions\/727"}],"wp:featuredmedia":[{"embeddable":true,"href":"https:\/\/www.enviblog.cz\/blog\/wp-json\/wp\/v2\/media\/701"}],"wp:attachment":[{"href":"https:\/\/www.enviblog.cz\/blog\/wp-json\/wp\/v2\/media?parent=696"}],"wp:term":[{"taxonomy":"category","embeddable":true,"href":"https:\/\/www.enviblog.cz\/blog\/wp-json\/wp\/v2\/categories?post=696"},{"taxonomy":"post_tag","embeddable":true,"href":"https:\/\/www.enviblog.cz\/blog\/wp-json\/wp\/v2\/tags?post=696"},{"taxonomy":"author","embeddable":true,"href":"https:\/\/www.enviblog.cz\/blog\/wp-json\/wp\/v2\/coauthors?post=696"}],"curies":[{"name":"wp","href":"https:\/\/api.w.org\/{rel}","templated":true}]}}