{"id":6054,"date":"2023-05-23T17:36:22","date_gmt":"2023-05-23T15:36:22","guid":{"rendered":"https:\/\/www.enviblog.cz\/blog\/?p=6054"},"modified":"2023-05-24T08:20:00","modified_gmt":"2023-05-24T06:20:00","slug":"zvysene-prutoky-v-povodi-velicky-a-radejovky-17-5-2023","status":"publish","type":"post","link":"https:\/\/www.enviblog.cz\/blog\/2023\/05\/23\/zvysene-prutoky-v-povodi-velicky-a-radejovky-17-5-2023\/","title":{"rendered":"Zv\u00fd\u0161en\u00e9 pr\u016ftoky v povod\u00ed Veli\u010dky a Rad\u011bjovky 17. 5. 2023"},"content":{"rendered":"\n\n\n<p>Od 16.5. doch\u00e1zelo k vypad\u00e1v\u00e1n\u00ed vydatn\u00fdch sr\u00e1\u017eek v oblasti B\u00edl\u00fdch Karpat. Nejv\u011bt\u0161\u00edch \u00fahrn\u016f dosahovaly sr\u00e1\u017ekom\u011brn\u00e9 stanice Hluk, Str\u00e1n\u00ed (51 mm) a Str\u00e1\u017enice (48 mm). Radarov\u00e9 odhady v kombinaci s pozemn\u00edmi sr\u00e1\u017ekom\u011bry ud\u00e1valy \u00fahrny sr\u00e1\u017eek v rozmez\u00ed 50-56 mm. Zv\u00fd\u0161en\u00e9 odtoky vody z t\u011bchto sr\u00e1\u017eek pak zap\u0159\u00ed\u010dinily nav\u00fd\u0161en\u00ed hladin vodn\u00edch tok\u016f na \u010desk\u00e9 i slovensk\u00e9 stran\u011b. Na \u010desk\u00e9 stran\u011b \u0161lo zejm\u00e9na o povod\u00ed Veli\u010dky a vedlej\u0161\u00edho povod\u00ed Rad\u011bjovky, kter\u00e9 jsou levostrann\u00fdmi p\u0159\u00edtoky \u0159eky Moravy.<\/p>\n<div class=\"mceTemp\">&nbsp;<\/div>\n<div class=\"mceTemp\">&nbsp;<\/div>\n<figure id=\"attachment_6058\" aria-describedby=\"caption-attachment-6058\" style=\"width: 1024px\" class=\"wp-caption aligncenter\"><a href=\"https:\/\/chmibrno.org\/blog\/wp-content\/uploads\/2023\/05\/GOPR0197-scaled.jpg\"><img fetchpriority=\"high\" decoding=\"async\" class=\"size-large wp-image-6058\" src=\"https:\/\/chmibrno.org\/blog\/wp-content\/uploads\/2023\/05\/GOPR0197-1024x768.jpg\" alt=\"Stupe\u0148 nad stanic\u00ed Str\u00e1\u017enice - Veli\u010dka\" width=\"1024\" height=\"768\" srcset=\"https:\/\/www.enviblog.cz\/blog\/wp-content\/uploads\/2023\/05\/GOPR0197-1024x768.jpg 1024w, https:\/\/www.enviblog.cz\/blog\/wp-content\/uploads\/2023\/05\/GOPR0197-300x225.jpg 300w, https:\/\/www.enviblog.cz\/blog\/wp-content\/uploads\/2023\/05\/GOPR0197-768x576.jpg 768w, https:\/\/www.enviblog.cz\/blog\/wp-content\/uploads\/2023\/05\/GOPR0197-1536x1152.jpg 1536w, https:\/\/www.enviblog.cz\/blog\/wp-content\/uploads\/2023\/05\/GOPR0197-2048x1536.jpg 2048w\" sizes=\"(max-width: 1024px) 100vw, 1024px\" \/><\/a><figcaption id=\"caption-attachment-6058\" class=\"wp-caption-text\">Stupe\u0148 nad stanic\u00ed Str\u00e1\u017enice &#8211; Veli\u010dka<\/figcaption><\/figure>\n<div class=\"mceTemp\">&nbsp;<\/div>\n<p>Po\u010d\u00e1te\u010dn\u00ed nav\u00fd\u0161en\u00ed hladiny toku Veli\u010dky bylo zaznamen\u00e1no ve vodom\u011brn\u00e9 stanici <strong>Velk\u00e1 nad Veli\u010dkou<\/strong> ji\u017e 16.5. ve ve\u010dern\u00edch hodin\u00e1ch. Ke kulminaci do\u0161lo 17.5. v 6:40 (SE\u010c) na hodnot\u011b 144 cm, co\u017e odpov\u00eddalo pr\u016ftoku 44,34 m<sup>3<\/sup>.s<sup>-1 <\/sup>(20-let\u00e1 povode\u0148). Byl zde kr\u00e1tce p\u0159ekro\u010den i 3. stupe\u0148 povod\u0148ov\u00e9 aktivity. Hydrometrick\u00e9 m\u011b\u0159en\u00ed zde prob\u011bhlo dne 17.5. v 11:50 (SE\u010c) a byl zm\u011b\u0159en pr\u016ftok 9,846 m<sup>3<\/sup>.s<sup>-1<\/sup>.<\/p>\n<p>Ve velmi kr\u00e1tk\u00e9m \u010dase se nav\u00fd\u0161en\u00ed hladiny objevilo i ve vodom\u011brn\u00e9 stanici <strong>Str\u00e1\u017enice<\/strong>, kde do\u0161lo ke kulminaci 17.5. v 8:30 (SE\u010c) p\u0159i vodn\u00edm stavu 364 cm, co\u017e odpov\u00eddalo pr\u016ftoku 51,58 m<sup>3<\/sup>.s<sup>-1 <\/sup>(20-let\u00e1 povode\u0148). Byl zde rovn\u011b\u017e p\u0159ekro\u010den 3. stupe\u0148 povod\u0148ov\u00e9 aktivity. Hydrometrick\u00e9 m\u011b\u0159en\u00ed zde prob\u011bhlo v klesaj\u00edc\u00ed v\u011btvi povod\u0148ov\u00e9 vlny po kulminaci dne 17.5. v 10:45 (SE\u010c)&nbsp; a byl zm\u011b\u0159en pr\u016ftok 31,862 m<sup>3<\/sup>.s<sup>-1<\/sup>.<\/p>\n<p><img decoding=\"async\" src=\"https:\/\/chmibrno.org\/blog\/wp-content\/uploads\/2023\/05\/velicka.png\" alt=\"Pr\u016fb\u011bhy povod\u0148ov\u00fdch vln ve stanic\u00edch Velk\u00e1 nad Veli\u010dkou a Str\u00e1\u017enice v kv\u011btnu 2023.\">Pr\u016fb\u011bhy povod\u0148ov\u00fdch vln ve stanic\u00edch Velk\u00e1 nad Veli\u010dkou a Str\u00e1\u017enice v&nbsp;kv\u011btnu 2023.<\/p>\n<p>K&nbsp;v\u00fdznamn\u00e9mu nav\u00fd\u0161en\u00ed hladiny do\u0161lo i v&nbsp;povod\u00ed Rad\u011bjovky ve vodom\u011brn\u00e9 stanici <strong>Petrov<\/strong>. Zde do\u0161lo ke kulminaci 17.5. v&nbsp;8:00 (SE\u010c), kdy vodn\u00ed stav vystoupal na 201 cm, co\u017e odpov\u00edd\u00e1 pr\u016ftoku 21,14 m<sup>3<\/sup>.s<sup>-1 <\/sup>(20-let\u00e1 povode\u0148). Tato kulminace byla v\u00fdznamn\u00e1, proto\u017ee za cca 65 let m\u011b\u0159en\u00ed stanice Petrov se vyskytly podobn\u011b vysok\u00e9 kulminace jen t\u0159ikr\u00e1t, v roce 1965 (23 m<sup>3<\/sup>.s<sup>-1<\/sup>), 1966 (21,5 m<sup>3<\/sup>.s<sup>-1<\/sup>) a 1997 (21,6 m<sup>3<\/sup>.s<sup>-1<\/sup>). Hydrometrick\u00e9 m\u011b\u0159en\u00ed v profilu Rad\u011bjovky prob\u011bhlo t\u011bsn\u011b po kulminaci. 17.5. v 09:30 (SE\u010c)&nbsp; p\u0159i vodn\u00edm stavu 195 cm a pr\u016ftoku 20,1 m<sup>3<\/sup>.s<sup>-1<\/sup>.<\/p>\n<p><a href=\"https:\/\/chmibrno.org\/blog\/wp-content\/uploads\/2023\/05\/Petrov.png\"><img decoding=\"async\" class=\"size-full wp-image-6063\" src=\"https:\/\/chmibrno.org\/blog\/wp-content\/uploads\/2023\/05\/Petrov.png\" alt=\"Povod\u0148ov\u00e1 vlna ve stanici Petrov - Rad\u011bjovka\" width=\"755\" height=\"502\" srcset=\"https:\/\/www.enviblog.cz\/blog\/wp-content\/uploads\/2023\/05\/Petrov.png 755w, https:\/\/www.enviblog.cz\/blog\/wp-content\/uploads\/2023\/05\/Petrov-300x199.png 300w\" sizes=\"(max-width: 755px) 100vw, 755px\" \/><\/a>Pr\u016fb\u011bh povod\u0148ov\u00e9 vlny ve stanici Petrov (Rad\u011bjovka) v&nbsp;kv\u011btnu 2023.<\/p>\n<p>Zv\u00fd\u0161en\u00ed hladiny Veli\u010dky a Rad\u011bjovky m\u011blo vliv i na zv\u00fd\u0161en\u00ed hladiny \u0159eky Moravy, vzhledem k velk\u00e9mu objemu odtoku \u0159eky Moravy dotovan\u00e9ho zejm\u00e9na z povod\u00ed Be\u010dvy, v\u0161ak nen\u00ed tento vliv v pr\u016fb\u011bhu povod\u0148ov\u00e9 vlny patrn\u00fd. Na \u0159ece Morav\u011b byly kr\u00e1tce p\u0159ekro\u010deny pouze 1. stupn\u011b povod\u0148ov\u00e9 aktivity.<\/p>\n<figure id=\"attachment_6062\" aria-describedby=\"caption-attachment-6062\" style=\"width: 963px\" class=\"wp-caption aligncenter\"><a href=\"https:\/\/chmibrno.org\/blog\/wp-content\/uploads\/2023\/05\/Morava.png\"><img decoding=\"async\" class=\"size-full wp-image-6062\" src=\"https:\/\/chmibrno.org\/blog\/wp-content\/uploads\/2023\/05\/Morava.png\" alt=\"Pr\u016fb\u011bhy povod\u0148ov\u00fdch vln na toc\u00edch Morava, Veli\u010dka a Rad\u011bjovka v kv\u011btnu 2023 (nerevidovan\u00e1 operativn\u00ed data).\" width=\"963\" height=\"667\" srcset=\"https:\/\/www.enviblog.cz\/blog\/wp-content\/uploads\/2023\/05\/Morava.png 963w, https:\/\/www.enviblog.cz\/blog\/wp-content\/uploads\/2023\/05\/Morava-300x208.png 300w, https:\/\/www.enviblog.cz\/blog\/wp-content\/uploads\/2023\/05\/Morava-768x532.png 768w\" sizes=\"(max-width: 963px) 100vw, 963px\" \/><\/a><figcaption id=\"caption-attachment-6062\" class=\"wp-caption-text\">Pr\u016fb\u011bhy povod\u0148ov\u00fdch vln na toc\u00edch Morava, Veli\u010dka a Rad\u011bjovka v kv\u011btnu 2023 (nerevidovan\u00e1 operativn\u00ed data).<\/figcaption><\/figure>\n<p>&nbsp;<\/p>\n<p><p class=\"responsive-video-wrap clr\"><iframe title=\"Povodn\u011b JV Morava  17  5  2023\" width=\"1200\" height=\"675\" src=\"https:\/\/www.youtube.com\/embed\/af5P8zGI4LU?feature=oembed\" frameborder=\"0\" allow=\"accelerometer; autoplay; clipboard-write; encrypted-media; gyroscope; picture-in-picture; web-share\" referrerpolicy=\"strict-origin-when-cross-origin\" allowfullscreen><\/iframe><\/p><\/p>\n<p>&nbsp;<\/p>\n<p><a href=\"https:\/\/chmibrno.org\/blog\/wp-content\/uploads\/2023\/05\/GOPR0184-scaled.jpg\"><img loading=\"lazy\" decoding=\"async\" class=\"size-large wp-image-6057\" src=\"https:\/\/chmibrno.org\/blog\/wp-content\/uploads\/2023\/05\/GOPR0184-1024x768.jpg\" alt=\"M\u011b\u0159en\u00ed pr\u016ftoku u stanice Str\u00e1\u017enice- Veli\u010dka\" width=\"1024\" height=\"768\" srcset=\"https:\/\/www.enviblog.cz\/blog\/wp-content\/uploads\/2023\/05\/GOPR0184-1024x768.jpg 1024w, https:\/\/www.enviblog.cz\/blog\/wp-content\/uploads\/2023\/05\/GOPR0184-300x225.jpg 300w, https:\/\/www.enviblog.cz\/blog\/wp-content\/uploads\/2023\/05\/GOPR0184-768x576.jpg 768w, https:\/\/www.enviblog.cz\/blog\/wp-content\/uploads\/2023\/05\/GOPR0184-1536x1152.jpg 1536w, https:\/\/www.enviblog.cz\/blog\/wp-content\/uploads\/2023\/05\/GOPR0184-2048x1536.jpg 2048w\" sizes=\"(max-width: 1024px) 100vw, 1024px\" \/><\/a>M\u011b\u0159en\u00ed pr\u016ftoku u stanice Str\u00e1\u017enice- Veli\u010dka<\/p>\n<p><a href=\"https:\/\/chmibrno.org\/blog\/wp-content\/uploads\/2023\/05\/GOPR0198-scaled.jpg\"><img loading=\"lazy\" decoding=\"async\" class=\"size-large wp-image-6059\" src=\"https:\/\/chmibrno.org\/blog\/wp-content\/uploads\/2023\/05\/GOPR0198-1024x768.jpg\" alt=\"Hydrologick\u00e1 stanice ve Velk\u00e9 nad Veli\u010dkou\" width=\"1024\" height=\"768\" srcset=\"https:\/\/www.enviblog.cz\/blog\/wp-content\/uploads\/2023\/05\/GOPR0198-1024x768.jpg 1024w, https:\/\/www.enviblog.cz\/blog\/wp-content\/uploads\/2023\/05\/GOPR0198-300x225.jpg 300w, https:\/\/www.enviblog.cz\/blog\/wp-content\/uploads\/2023\/05\/GOPR0198-768x576.jpg 768w, https:\/\/www.enviblog.cz\/blog\/wp-content\/uploads\/2023\/05\/GOPR0198-1536x1152.jpg 1536w, https:\/\/www.enviblog.cz\/blog\/wp-content\/uploads\/2023\/05\/GOPR0198-2048x1536.jpg 2048w\" sizes=\"(max-width: 1024px) 100vw, 1024px\" \/><\/a>Hydrologick\u00e1 stanice ve Velk\u00e9 nad Veli\u010dkou<\/p>\n<figure id=\"attachment_6060\" aria-describedby=\"caption-attachment-6060\" style=\"width: 1024px\" class=\"wp-caption aligncenter\"><a href=\"https:\/\/chmibrno.org\/blog\/wp-content\/uploads\/2023\/05\/GOPR0204-scaled.jpg\"><img loading=\"lazy\" decoding=\"async\" class=\"size-large wp-image-6060\" src=\"https:\/\/chmibrno.org\/blog\/wp-content\/uploads\/2023\/05\/GOPR0204-1024x768.jpg\" alt=\"Vodo\u010det ve Velk\u00e9 nad Veli\u010dkou\" width=\"1024\" height=\"768\" srcset=\"https:\/\/www.enviblog.cz\/blog\/wp-content\/uploads\/2023\/05\/GOPR0204-1024x768.jpg 1024w, https:\/\/www.enviblog.cz\/blog\/wp-content\/uploads\/2023\/05\/GOPR0204-300x225.jpg 300w, https:\/\/www.enviblog.cz\/blog\/wp-content\/uploads\/2023\/05\/GOPR0204-768x576.jpg 768w, https:\/\/www.enviblog.cz\/blog\/wp-content\/uploads\/2023\/05\/GOPR0204-1536x1152.jpg 1536w, https:\/\/www.enviblog.cz\/blog\/wp-content\/uploads\/2023\/05\/GOPR0204-2048x1536.jpg 2048w\" sizes=\"(max-width: 1024px) 100vw, 1024px\" \/><\/a><figcaption id=\"caption-attachment-6060\" class=\"wp-caption-text\">Vodo\u010det ve Velk\u00e9 nad Veli\u010dkou<\/figcaption><\/figure>\n<p><a href=\"https:\/\/chmibrno.org\/blog\/wp-content\/uploads\/2023\/05\/GOPR0212-scaled.jpg\"><img loading=\"lazy\" decoding=\"async\" class=\"size-large wp-image-6061\" src=\"https:\/\/chmibrno.org\/blog\/wp-content\/uploads\/2023\/05\/GOPR0212-1024x768.jpg\" alt=\"M\u011b\u0159en\u00ed pr\u016ftoku ve Velk\u00e9 nad Veli\u010dkou\" width=\"1024\" height=\"768\" srcset=\"https:\/\/www.enviblog.cz\/blog\/wp-content\/uploads\/2023\/05\/GOPR0212-1024x768.jpg 1024w, https:\/\/www.enviblog.cz\/blog\/wp-content\/uploads\/2023\/05\/GOPR0212-300x225.jpg 300w, https:\/\/www.enviblog.cz\/blog\/wp-content\/uploads\/2023\/05\/GOPR0212-768x576.jpg 768w, https:\/\/www.enviblog.cz\/blog\/wp-content\/uploads\/2023\/05\/GOPR0212-1536x1152.jpg 1536w, https:\/\/www.enviblog.cz\/blog\/wp-content\/uploads\/2023\/05\/GOPR0212-2048x1536.jpg 2048w\" sizes=\"(max-width: 1024px) 100vw, 1024px\" \/><\/a>M\u011b\u0159en\u00ed pr\u016ftoku ve Velk\u00e9 nad Veli\u010dkou<\/p>\n\n\n\n\n","protected":false},"excerpt":{"rendered":"","protected":false},"author":9,"featured_media":6058,"comment_status":"open","ping_status":"open","sticky":false,"template":"","format":"standard","meta":{"jetpack_post_was_ever_published":false,"_jetpack_newsletter_access":"","_jetpack_dont_email_post_to_subs":false,"_jetpack_newsletter_tier_id":0,"_jetpack_memberships_contains_paywalled_content":false,"_jetpack_memberships_contains_paid_content":false,"footnotes":"","jetpack_publicize_message":"","jetpack_publicize_feature_enabled":true,"jetpack_social_post_already_shared":true,"jetpack_social_options":{"image_generator_settings":{"template":"highway","enabled":false},"version":2}},"categories":[4],"tags":[141,190],"coauthors":[20,134,285],"class_list":["post-6054","post","type-post","status-publish","format-standard","has-post-thumbnail","hentry","category-voda","tag-hydrologie","tag-povodne","entry","has-media"],"jetpack_publicize_connections":[],"jetpack_sharing_enabled":true,"jetpack_featured_media_url":"https:\/\/www.enviblog.cz\/blog\/wp-content\/uploads\/2023\/05\/GOPR0197-scaled.jpg","jetpack_shortlink":"https:\/\/wp.me\/pa1A1I-1zE","_links":{"self":[{"href":"https:\/\/www.enviblog.cz\/blog\/wp-json\/wp\/v2\/posts\/6054","targetHints":{"allow":["GET"]}}],"collection":[{"href":"https:\/\/www.enviblog.cz\/blog\/wp-json\/wp\/v2\/posts"}],"about":[{"href":"https:\/\/www.enviblog.cz\/blog\/wp-json\/wp\/v2\/types\/post"}],"author":[{"embeddable":true,"href":"https:\/\/www.enviblog.cz\/blog\/wp-json\/wp\/v2\/users\/9"}],"replies":[{"embeddable":true,"href":"https:\/\/www.enviblog.cz\/blog\/wp-json\/wp\/v2\/comments?post=6054"}],"version-history":[{"count":6,"href":"https:\/\/www.enviblog.cz\/blog\/wp-json\/wp\/v2\/posts\/6054\/revisions"}],"predecessor-version":[{"id":6072,"href":"https:\/\/www.enviblog.cz\/blog\/wp-json\/wp\/v2\/posts\/6054\/revisions\/6072"}],"wp:featuredmedia":[{"embeddable":true,"href":"https:\/\/www.enviblog.cz\/blog\/wp-json\/wp\/v2\/media\/6058"}],"wp:attachment":[{"href":"https:\/\/www.enviblog.cz\/blog\/wp-json\/wp\/v2\/media?parent=6054"}],"wp:term":[{"taxonomy":"category","embeddable":true,"href":"https:\/\/www.enviblog.cz\/blog\/wp-json\/wp\/v2\/categories?post=6054"},{"taxonomy":"post_tag","embeddable":true,"href":"https:\/\/www.enviblog.cz\/blog\/wp-json\/wp\/v2\/tags?post=6054"},{"taxonomy":"author","embeddable":true,"href":"https:\/\/www.enviblog.cz\/blog\/wp-json\/wp\/v2\/coauthors?post=6054"}],"curies":[{"name":"wp","href":"https:\/\/api.w.org\/{rel}","templated":true}]}}