{"id":5970,"date":"2023-05-01T12:49:52","date_gmt":"2023-05-01T10:49:52","guid":{"rendered":"https:\/\/www.enviblog.cz\/blog\/?p=5970"},"modified":"2023-05-01T12:50:45","modified_gmt":"2023-05-01T10:50:45","slug":"paleni-carodejnic-bylo-videt-z-druzice-i-z-dat-o-kvalite-ovzdusi","status":"publish","type":"post","link":"https:\/\/www.enviblog.cz\/blog\/2023\/05\/01\/paleni-carodejnic-bylo-videt-z-druzice-i-z-dat-o-kvalite-ovzdusi\/","title":{"rendered":"P\u00e1len\u00ed \u010darod\u011bjnic bylo vid\u011bt z dru\u017eice i z dat o kvalit\u011b ovzdu\u0161\u00ed"},"content":{"rendered":"\t\t<div data-elementor-type=\"wp-post\" data-elementor-id=\"5970\" class=\"elementor elementor-5970\">\n\t\t\t\t\t\t<section class=\"elementor-section elementor-top-section elementor-element elementor-element-683afb9 elementor-section-boxed elementor-section-height-default elementor-section-height-default\" data-id=\"683afb9\" data-element_type=\"section\">\n\t\t\t\t\t\t<div class=\"elementor-container elementor-column-gap-default\">\n\t\t\t\t\t<div class=\"elementor-column elementor-col-100 elementor-top-column elementor-element elementor-element-280fd95\" data-id=\"280fd95\" data-element_type=\"column\">\n\t\t\t<div class=\"elementor-widget-wrap elementor-element-populated\">\n\t\t\t\t\t\t<div class=\"elementor-element elementor-element-5603655 elementor-widget elementor-widget-text-editor\" data-id=\"5603655\" data-element_type=\"widget\" data-widget_type=\"text-editor.default\">\n\t\t\t\t<div class=\"elementor-widget-container\">\n\t\t\t\t\t\t\t\t\t<p><em><strong>Tradi\u010dn\u00ed p\u00e1len\u00ed \u010darodejnic o filipojakubsk\u00e9 noci lze pozorovat nejen p\u0159\u00edmo v m\u00edst\u011b d\u011bn\u00ed, ale i z dru\u017eice nebo je n\u00e1sledn\u011b patrn\u00e9 na datech o kvalit\u011b ovzdu\u0161\u00ed.<\/strong><\/em><\/p>\t\t\t\t\t\t\t\t<\/div>\n\t\t\t\t<\/div>\n\t\t\t\t\t<\/div>\n\t\t<\/div>\n\t\t\t\t\t<\/div>\n\t\t<\/section>\n\t\t\t\t<section class=\"elementor-section elementor-top-section elementor-element elementor-element-5df5407 elementor-section-boxed elementor-section-height-default elementor-section-height-default\" data-id=\"5df5407\" data-element_type=\"section\">\n\t\t\t\t\t\t<div class=\"elementor-container elementor-column-gap-default\">\n\t\t\t\t\t<div class=\"elementor-column elementor-col-100 elementor-top-column elementor-element elementor-element-ccaa5f8\" data-id=\"ccaa5f8\" data-element_type=\"column\">\n\t\t\t<div class=\"elementor-widget-wrap elementor-element-populated\">\n\t\t\t\t\t\t<div class=\"elementor-element elementor-element-59d3fb8 elementor-widget elementor-widget-text-editor\" data-id=\"59d3fb8\" data-element_type=\"widget\" data-widget_type=\"text-editor.default\">\n\t\t\t\t<div class=\"elementor-widget-container\">\n\t\t\t\t\t\t\t\t\t<p>Na dru\u017eicov\u00e9m sn\u00edmku z ve\u010dern\u00edch hodin 30. dubna 2023 jsou ohn\u00ed\u010dky patrn\u00e9 jako tmav\u011b r\u016f\u017eov\u00e9 &#8222;te\u010dky&#8220;. Krom\u011b \u010cesk\u00e9 republiky jsou patrn\u00e9 nap\u0159\u00edklad i na \u00fazem\u00ed N\u011bmecka nebo Skandin\u00e1vie &#8211; m\u00edst, kde se tento zvyk tak\u00e9 dodr\u017euje.<\/p><p>Av\u0161ak pozor, spol\u00e9hat se na viditeln\u00e9 ohn\u00ed\u010dky na dru\u017eici, jako na indik\u00e1tor p\u00e1len\u00ed \u010darod\u011bjnic, v\u017edy nelze. Aby toti\u017e ohn\u00ed\u010dky byly patrn\u00e9 z dru\u017eice, nesm\u00ed b\u00fdt zast\u00edn\u011bn\u00e9 obla\u010dnosti.\u00a0<\/p>\t\t\t\t\t\t\t\t<\/div>\n\t\t\t\t<\/div>\n\t\t\t\t\t<\/div>\n\t\t<\/div>\n\t\t\t\t\t<\/div>\n\t\t<\/section>\n\t\t\t\t<section class=\"elementor-section elementor-top-section elementor-element elementor-element-5d6fa71 elementor-section-boxed elementor-section-height-default elementor-section-height-default\" data-id=\"5d6fa71\" data-element_type=\"section\">\n\t\t\t\t\t\t<div class=\"elementor-container elementor-column-gap-default\">\n\t\t\t\t\t<div class=\"elementor-column elementor-col-100 elementor-top-column elementor-element elementor-element-70feeee\" data-id=\"70feeee\" data-element_type=\"column\">\n\t\t\t<div class=\"elementor-widget-wrap elementor-element-populated\">\n\t\t\t\t\t\t<div class=\"elementor-element elementor-element-4232dc4 elementor-widget elementor-widget-image\" data-id=\"4232dc4\" data-element_type=\"widget\" data-widget_type=\"image.default\">\n\t\t\t\t<div class=\"elementor-widget-container\">\n\t\t\t\t\t\t\t\t\t\t\t\t<figure class=\"wp-caption\">\n\t\t\t\t\t\t\t\t\t\t\t<a href=\"https:\/\/chmibrno.org\/blog\/wp-content\/uploads\/2023\/05\/Eumetsat_View_2023-04-30T1828.png\" data-elementor-open-lightbox=\"yes\" data-elementor-lightbox-title=\"Eumetsat_View_2023-04-30T1828\" data-e-action-hash=\"#elementor-action%3Aaction%3Dlightbox%26settings%3DeyJpZCI6NTk3MiwidXJsIjoiaHR0cHM6XC9cL3d3dy5lbnZpYmxvZy5jelwvYmxvZ1wvd3AtY29udGVudFwvdXBsb2Fkc1wvMjAyM1wvMDVcL0V1bWV0c2F0X1ZpZXdfMjAyMy0wNC0zMFQxODI4LnBuZyJ9\">\n\t\t\t\t\t\t\t<img fetchpriority=\"high\" decoding=\"async\" width=\"1024\" height=\"894\" src=\"https:\/\/www.enviblog.cz\/blog\/wp-content\/uploads\/2023\/05\/Eumetsat_View_2023-04-30T1828-1024x894.png\" class=\"attachment-large size-large wp-image-5972\" alt=\"\" srcset=\"https:\/\/www.enviblog.cz\/blog\/wp-content\/uploads\/2023\/05\/Eumetsat_View_2023-04-30T1828-1024x894.png 1024w, https:\/\/www.enviblog.cz\/blog\/wp-content\/uploads\/2023\/05\/Eumetsat_View_2023-04-30T1828-300x262.png 300w, https:\/\/www.enviblog.cz\/blog\/wp-content\/uploads\/2023\/05\/Eumetsat_View_2023-04-30T1828-768x670.png 768w, https:\/\/www.enviblog.cz\/blog\/wp-content\/uploads\/2023\/05\/Eumetsat_View_2023-04-30T1828.png 1156w\" sizes=\"(max-width: 1024px) 100vw, 1024px\" \/>\t\t\t\t\t\t\t\t<\/a>\n\t\t\t\t\t\t\t\t\t\t\t<figcaption class=\"widget-image-caption wp-caption-text\">Dru\u017eicov\u00fd sn\u00edmek z dru\u017eice Metop C, 30. 4. 2023, AVHRR RGB <\/figcaption>\n\t\t\t\t\t\t\t\t\t\t<\/figure>\n\t\t\t\t\t\t\t\t\t<\/div>\n\t\t\t\t<\/div>\n\t\t\t\t\t<\/div>\n\t\t<\/div>\n\t\t\t\t\t<\/div>\n\t\t<\/section>\n\t\t\t\t<section class=\"elementor-section elementor-top-section elementor-element elementor-element-169d16c elementor-section-boxed elementor-section-height-default elementor-section-height-default\" data-id=\"169d16c\" data-element_type=\"section\">\n\t\t\t\t\t\t<div class=\"elementor-container elementor-column-gap-default\">\n\t\t\t\t\t<div class=\"elementor-column elementor-col-100 elementor-top-column elementor-element elementor-element-a381c3c\" data-id=\"a381c3c\" data-element_type=\"column\">\n\t\t\t<div class=\"elementor-widget-wrap elementor-element-populated\">\n\t\t\t\t\t\t<div class=\"elementor-element elementor-element-af01e16 elementor-widget elementor-widget-text-editor\" data-id=\"af01e16\" data-element_type=\"widget\" data-widget_type=\"text-editor.default\">\n\t\t\t\t<div class=\"elementor-widget-container\">\n\t\t\t\t\t\t\t\t\t<p>Pokud se d\u011bl\u00e1 venku ohe\u0148, pak si nem\u016f\u017eeme kl\u00e1st ot\u00e1zku, zda jsou produkov\u00e1ny n\u011bjak\u00e9 zne\u010di\u0161\u0165uj\u00edc\u00ed l\u00e1tky a zvy\u0161uj\u00ed se jejich koncentrace, ale sp\u00ed\u0161 o kolik. M\u00edra zne\u010di\u0161t\u011bn\u00ed se odv\u00edj\u00ed od \u0159ady faktor\u016f, mj. od kvality a typu paliva (tedy co ho\u0159\u00ed), velikosti ohn\u011b (kolik toho ho\u0159\u00ed), ale nap\u0159\u00edklad i rozptylov\u00fdch podm\u00ednek. Sm\u011br v\u011btru ud\u00e1v\u00e1, kter\u00fdm sm\u011brem se zne\u010di\u0161t\u011bn\u00ed od ohn\u011b \u0161\u00ed\u0159\u00ed, rychlost v\u011btru rychlost \u0161\u00ed\u0159en\u00ed a rozptylu atd.<\/p>\t\t\t\t\t\t\t\t<\/div>\n\t\t\t\t<\/div>\n\t\t\t\t\t<\/div>\n\t\t<\/div>\n\t\t\t\t\t<\/div>\n\t\t<\/section>\n\t\t\t\t<section class=\"elementor-section elementor-top-section elementor-element elementor-element-0fef0c3 elementor-section-boxed elementor-section-height-default elementor-section-height-default\" data-id=\"0fef0c3\" data-element_type=\"section\">\n\t\t\t\t\t\t<div class=\"elementor-container elementor-column-gap-default\">\n\t\t\t\t\t<div class=\"elementor-column elementor-col-100 elementor-top-column elementor-element elementor-element-a2dcd58\" data-id=\"a2dcd58\" data-element_type=\"column\">\n\t\t\t<div class=\"elementor-widget-wrap elementor-element-populated\">\n\t\t\t\t\t\t<div class=\"elementor-element elementor-element-65ba43a elementor-position-left elementor-vertical-align-top elementor-widget elementor-widget-image-box\" data-id=\"65ba43a\" data-element_type=\"widget\" data-widget_type=\"image-box.default\">\n\t\t\t\t<div class=\"elementor-widget-container\">\n\t\t\t\t\t<div class=\"elementor-image-box-wrapper\"><figure class=\"elementor-image-box-img\"><a href=\"https:\/\/www.infoviz.cz\/graphic.php?ID=163\" target=\"_blank\" tabindex=\"-1\"><img decoding=\"async\" width=\"400\" height=\"283\" src=\"https:\/\/www.enviblog.cz\/blog\/wp-content\/uploads\/2023\/05\/airQualityMeteo_1.0_Thumb.jpg\" class=\"attachment-full size-full wp-image-5973\" alt=\"\" srcset=\"https:\/\/www.enviblog.cz\/blog\/wp-content\/uploads\/2023\/05\/airQualityMeteo_1.0_Thumb.jpg 400w, https:\/\/www.enviblog.cz\/blog\/wp-content\/uploads\/2023\/05\/airQualityMeteo_1.0_Thumb-300x212.jpg 300w\" sizes=\"(max-width: 400px) 100vw, 400px\" \/><\/a><\/figure><div class=\"elementor-image-box-content\"><h3 class=\"elementor-image-box-title\"><a href=\"https:\/\/www.infoviz.cz\/graphic.php?ID=163\" target=\"_blank\">Po\u010das\u00ed a ovzdu\u0161\u00ed<\/a><\/h3><p class=\"elementor-image-box-description\">V\u00edce o vlivu meteorologick\u00fdch a rozptylov\u00fdch podm\u00ednek na kvalitu ovzdu\u0161\u00ed.<\/p><\/div><\/div>\t\t\t\t<\/div>\n\t\t\t\t<\/div>\n\t\t\t\t\t<\/div>\n\t\t<\/div>\n\t\t\t\t\t<\/div>\n\t\t<\/section>\n\t\t\t\t<section class=\"elementor-section elementor-top-section elementor-element elementor-element-235f5c6 elementor-section-boxed elementor-section-height-default elementor-section-height-default\" data-id=\"235f5c6\" data-element_type=\"section\">\n\t\t\t\t\t\t<div class=\"elementor-container elementor-column-gap-default\">\n\t\t\t\t\t<div class=\"elementor-column elementor-col-100 elementor-top-column elementor-element elementor-element-9fe457a\" data-id=\"9fe457a\" data-element_type=\"column\">\n\t\t\t<div class=\"elementor-widget-wrap elementor-element-populated\">\n\t\t\t\t\t\t<div class=\"elementor-element elementor-element-4398a27 elementor-widget elementor-widget-text-editor\" data-id=\"4398a27\" data-element_type=\"widget\" data-widget_type=\"text-editor.default\">\n\t\t\t\t<div class=\"elementor-widget-container\">\n\t\t\t\t\t\t\t\t\t<p>Ve ve\u010dern\u00edch hodin\u00e1ch bylo zaznamen\u00e1no v\u00fdrazn\u00e9 zv\u00fd\u0161en\u00ed koncentrac\u00ed suspendovan\u00fdch (prachov\u00fdch) \u010d\u00e1stic. \u017de se pravd\u011bpodobn\u011b jednalo o vliv spalov\u00e1n\u00ed ukazuje i fakt, \u017ee k\u0159ivka zv\u00fd\u0161en\u00ed koncentrac\u00ed men\u0161\u00edch \u010d\u00e1stic PM<sub>2,5<\/sub> t\u00e9m\u011b\u0159 kop\u00edrovala k\u0159ivku PM<sub>10<\/sub>. To ukazuje, \u017ee n\u00e1r\u016fst koncentrac\u00ed byl d\u00e1n t\u00e9m\u011b\u0159 v\u00fdhradn\u011b mal\u00fdmi \u010d\u00e1sticemi, jejich\u017e vznik je typick\u00fd pr\u00e1v\u011b pro spalovac\u00ed procesy.<\/p><p>V\u00edce o tom, na kter\u00fdch konkr\u00e9tn\u011b stanic\u00edch do\u0161lo k p\u0159ekro\u010den\u00ed ve Twitterov\u00e9m vl\u00e1kn\u011b n\u00ed\u017ee.<\/p>\t\t\t\t\t\t\t\t<\/div>\n\t\t\t\t<\/div>\n\t\t\t\t\t<\/div>\n\t\t<\/div>\n\t\t\t\t\t<\/div>\n\t\t<\/section>\n\t\t\t\t<section class=\"elementor-section elementor-top-section elementor-element elementor-element-a6be134 elementor-section-boxed elementor-section-height-default elementor-section-height-default\" data-id=\"a6be134\" data-element_type=\"section\">\n\t\t\t\t\t\t<div class=\"elementor-container elementor-column-gap-default\">\n\t\t\t\t\t<div class=\"elementor-column elementor-col-100 elementor-top-column elementor-element elementor-element-1825145\" data-id=\"1825145\" data-element_type=\"column\">\n\t\t\t<div class=\"elementor-widget-wrap\">\n\t\t\t\t\t\t\t<\/div>\n\t\t<\/div>\n\t\t\t\t\t<\/div>\n\t\t<\/section>\n\t\t\t\t<section class=\"elementor-section elementor-top-section elementor-element elementor-element-132b3a9 elementor-section-boxed elementor-section-height-default elementor-section-height-default\" data-id=\"132b3a9\" data-element_type=\"section\">\n\t\t\t\t\t\t<div class=\"elementor-container elementor-column-gap-default\">\n\t\t\t\t\t<div class=\"elementor-column elementor-col-100 elementor-top-column elementor-element elementor-element-3ac7613\" data-id=\"3ac7613\" data-element_type=\"column\">\n\t\t\t<div class=\"elementor-widget-wrap elementor-element-populated\">\n\t\t\t\t\t\t<div class=\"elementor-element elementor-element-10ad107 elementor-position-left elementor-vertical-align-top elementor-widget elementor-widget-image-box\" data-id=\"10ad107\" data-element_type=\"widget\" data-widget_type=\"image-box.default\">\n\t\t\t\t<div class=\"elementor-widget-container\">\n\t\t\t\t\t<div class=\"elementor-image-box-wrapper\"><figure class=\"elementor-image-box-img\"><a href=\"https:\/\/www.infoviz.cz\/graphic.php?ID=218\" target=\"_blank\" tabindex=\"-1\"><img decoding=\"async\" width=\"400\" height=\"283\" src=\"https:\/\/www.enviblog.cz\/blog\/wp-content\/uploads\/2023\/05\/PMSize_1.0_Thumb.jpg\" class=\"attachment-full size-full wp-image-5977\" alt=\"\" srcset=\"https:\/\/www.enviblog.cz\/blog\/wp-content\/uploads\/2023\/05\/PMSize_1.0_Thumb.jpg 400w, https:\/\/www.enviblog.cz\/blog\/wp-content\/uploads\/2023\/05\/PMSize_1.0_Thumb-300x212.jpg 300w\" sizes=\"(max-width: 400px) 100vw, 400px\" \/><\/a><\/figure><div class=\"elementor-image-box-content\"><h3 class=\"elementor-image-box-title\"><a href=\"https:\/\/www.infoviz.cz\/graphic.php?ID=218\" target=\"_blank\">Pro\u010d na velikosti z\u00e1le\u017e\u00ed<\/a><\/h3><p class=\"elementor-image-box-description\">Pro\u010d je velikost \u010d\u00e1stic d\u016fle\u017eit\u00e1?<\/p><\/div><\/div>\t\t\t\t<\/div>\n\t\t\t\t<\/div>\n\t\t\t\t\t<\/div>\n\t\t<\/div>\n\t\t\t\t\t<\/div>\n\t\t<\/section>\n\t\t\t\t<\/div>\n\t\t","protected":false},"excerpt":{"rendered":"<p>Tradi\u010dn\u00ed p\u00e1len\u00ed \u010darodejnic o filipojakubsk\u00e9 noci lze pozorovat nejen p\u0159\u00edmo v m\u00edst\u011b d\u011bn\u00ed, ale i z dru\u017eice nebo je n\u00e1sledn\u011b patrn\u00e9 na datech o kvalit\u011b ovzdu\u0161\u00ed. Na dru\u017eicov\u00e9m sn\u00edmku z ve\u010dern\u00edch hodin 30. dubna 2023 jsou ohn\u00ed\u010dky patrn\u00e9 jako tmav\u011b r\u016f\u017eov\u00e9 &#8222;te\u010dky&#8220;. Krom\u011b \u010cesk\u00e9 republiky jsou patrn\u00e9 nap\u0159\u00edklad i na \u00fazem\u00ed N\u011bmecka nebo Skandin\u00e1vie &#8211; [&hellip;]<\/p>\n","protected":false},"author":1,"featured_media":5972,"comment_status":"open","ping_status":"open","sticky":false,"template":"","format":"standard","meta":{"jetpack_post_was_ever_published":false,"_jetpack_newsletter_access":"","_jetpack_dont_email_post_to_subs":false,"_jetpack_newsletter_tier_id":0,"_jetpack_memberships_contains_paywalled_content":false,"_jetpack_memberships_contains_paid_content":false,"footnotes":"","jetpack_publicize_message":"","jetpack_publicize_feature_enabled":true,"jetpack_social_post_already_shared":true,"jetpack_social_options":{"image_generator_settings":{"template":"highway","enabled":false},"version":2}},"categories":[5,3],"tags":[],"coauthors":[19],"class_list":["post-5970","post","type-post","status-publish","format-standard","has-post-thumbnail","hentry","category-ovzdusi","category-pocasi","entry","has-media"],"jetpack_publicize_connections":[],"jetpack_sharing_enabled":true,"jetpack_featured_media_url":"https:\/\/www.enviblog.cz\/blog\/wp-content\/uploads\/2023\/05\/Eumetsat_View_2023-04-30T1828.png","jetpack_shortlink":"https:\/\/wp.me\/pa1A1I-1yi","_links":{"self":[{"href":"https:\/\/www.enviblog.cz\/blog\/wp-json\/wp\/v2\/posts\/5970","targetHints":{"allow":["GET"]}}],"collection":[{"href":"https:\/\/www.enviblog.cz\/blog\/wp-json\/wp\/v2\/posts"}],"about":[{"href":"https:\/\/www.enviblog.cz\/blog\/wp-json\/wp\/v2\/types\/post"}],"author":[{"embeddable":true,"href":"https:\/\/www.enviblog.cz\/blog\/wp-json\/wp\/v2\/users\/1"}],"replies":[{"embeddable":true,"href":"https:\/\/www.enviblog.cz\/blog\/wp-json\/wp\/v2\/comments?post=5970"}],"version-history":[{"count":8,"href":"https:\/\/www.enviblog.cz\/blog\/wp-json\/wp\/v2\/posts\/5970\/revisions"}],"predecessor-version":[{"id":5981,"href":"https:\/\/www.enviblog.cz\/blog\/wp-json\/wp\/v2\/posts\/5970\/revisions\/5981"}],"wp:featuredmedia":[{"embeddable":true,"href":"https:\/\/www.enviblog.cz\/blog\/wp-json\/wp\/v2\/media\/5972"}],"wp:attachment":[{"href":"https:\/\/www.enviblog.cz\/blog\/wp-json\/wp\/v2\/media?parent=5970"}],"wp:term":[{"taxonomy":"category","embeddable":true,"href":"https:\/\/www.enviblog.cz\/blog\/wp-json\/wp\/v2\/categories?post=5970"},{"taxonomy":"post_tag","embeddable":true,"href":"https:\/\/www.enviblog.cz\/blog\/wp-json\/wp\/v2\/tags?post=5970"},{"taxonomy":"author","embeddable":true,"href":"https:\/\/www.enviblog.cz\/blog\/wp-json\/wp\/v2\/coauthors?post=5970"}],"curies":[{"name":"wp","href":"https:\/\/api.w.org\/{rel}","templated":true}]}}