{"id":5459,"date":"2022-05-19T08:21:52","date_gmt":"2022-05-19T06:21:52","guid":{"rendered":"https:\/\/www.enviblog.cz\/blog\/?p=5459"},"modified":"2022-05-19T08:47:33","modified_gmt":"2022-05-19T06:47:33","slug":"kviz-klima-ve-mestech","status":"publish","type":"post","link":"https:\/\/www.enviblog.cz\/blog\/2022\/05\/19\/kviz-klima-ve-mestech\/","title":{"rendered":"Kv\u00edz: Klima ve m\u011bstech"},"content":{"rendered":"<p><em><strong>V tomto kv\u00edzu si m\u016f\u017eete zkusit sv\u00e9 znalosti o podneb\u00ed v n\u011bkter\u00fdch sv\u011btov\u00fdch m\u011bstech.<\/strong><\/em><\/p>\n<p>V kv\u00edzu na V\u00e1s \u010dek\u00e1 10 ot\u00e1zek se \u010dty\u0159mi mo\u017en\u00fdmi odpov\u011b\u010fmi.<\/p>\n<p>&nbsp;<\/p>\n<div class=\"postbox h5p-sidebar\">\n<div class=\"h5p-action-bar-settings h5p-panel\"><div class=\"h5p-iframe-wrapper\"><iframe id=\"h5p-iframe-45\" class=\"h5p-iframe\" data-content-id=\"45\" style=\"height:1px\" src=\"about:blank\" frameBorder=\"0\" scrolling=\"no\" title=\"Klima m\u011bst\"><\/iframe><\/div><\/div>\n<\/div>\n<div><\/div>\n<div><\/div>\n<div>Zdroj dat: WMO<\/div>\n","protected":false},"excerpt":{"rendered":"<p>V tomto kv\u00edzu si m\u016f\u017eete zkusit sv\u00e9 znalosti o podneb\u00ed v n\u011bkter\u00fdch sv\u011btov\u00fdch m\u011bstech. V kv\u00edzu na V\u00e1s \u010dek\u00e1 10 ot\u00e1zek se \u010dty\u0159mi mo\u017en\u00fdmi odpov\u011b\u010fmi. &nbsp; Zdroj dat: WMO<\/p>\n","protected":false},"author":1,"featured_media":5460,"comment_status":"open","ping_status":"open","sticky":false,"template":"","format":"standard","meta":{"jetpack_post_was_ever_published":false,"_jetpack_newsletter_access":"","_jetpack_dont_email_post_to_subs":false,"_jetpack_newsletter_tier_id":0,"_jetpack_memberships_contains_paywalled_content":false,"_jetpack_memberships_contains_paid_content":false,"footnotes":"","jetpack_publicize_message":"","jetpack_publicize_feature_enabled":true,"jetpack_social_post_already_shared":true,"jetpack_social_options":{"image_generator_settings":{"template":"highway","enabled":false},"version":2}},"categories":[77,3],"tags":[92],"coauthors":[19],"class_list":["post-5459","post","type-post","status-publish","format-standard","has-post-thumbnail","hentry","category-kviz","category-pocasi","tag-klima","entry","has-media"],"jetpack_publicize_connections":[],"jetpack_sharing_enabled":true,"jetpack_featured_media_url":"https:\/\/www.enviblog.cz\/blog\/wp-content\/uploads\/2022\/05\/earth-g466d1f403_1920.jpg","jetpack_shortlink":"https:\/\/wp.me\/pa1A1I-1q3","_links":{"self":[{"href":"https:\/\/www.enviblog.cz\/blog\/wp-json\/wp\/v2\/posts\/5459","targetHints":{"allow":["GET"]}}],"collection":[{"href":"https:\/\/www.enviblog.cz\/blog\/wp-json\/wp\/v2\/posts"}],"about":[{"href":"https:\/\/www.enviblog.cz\/blog\/wp-json\/wp\/v2\/types\/post"}],"author":[{"embeddable":true,"href":"https:\/\/www.enviblog.cz\/blog\/wp-json\/wp\/v2\/users\/1"}],"replies":[{"embeddable":true,"href":"https:\/\/www.enviblog.cz\/blog\/wp-json\/wp\/v2\/comments?post=5459"}],"version-history":[{"count":3,"href":"https:\/\/www.enviblog.cz\/blog\/wp-json\/wp\/v2\/posts\/5459\/revisions"}],"predecessor-version":[{"id":5463,"href":"https:\/\/www.enviblog.cz\/blog\/wp-json\/wp\/v2\/posts\/5459\/revisions\/5463"}],"wp:featuredmedia":[{"embeddable":true,"href":"https:\/\/www.enviblog.cz\/blog\/wp-json\/wp\/v2\/media\/5460"}],"wp:attachment":[{"href":"https:\/\/www.enviblog.cz\/blog\/wp-json\/wp\/v2\/media?parent=5459"}],"wp:term":[{"taxonomy":"category","embeddable":true,"href":"https:\/\/www.enviblog.cz\/blog\/wp-json\/wp\/v2\/categories?post=5459"},{"taxonomy":"post_tag","embeddable":true,"href":"https:\/\/www.enviblog.cz\/blog\/wp-json\/wp\/v2\/tags?post=5459"},{"taxonomy":"author","embeddable":true,"href":"https:\/\/www.enviblog.cz\/blog\/wp-json\/wp\/v2\/coauthors?post=5459"}],"curies":[{"name":"wp","href":"https:\/\/api.w.org\/{rel}","templated":true}]}}