{"id":505,"date":"2018-07-22T22:27:44","date_gmt":"2018-07-22T20:27:44","guid":{"rendered":"https:\/\/www.enviblog.cz\/blog\/?p=505"},"modified":"2018-07-23T22:50:42","modified_gmt":"2018-07-23T20:50:42","slug":"mysl-v-jeskyni-aneb-kratke-zamysleni","status":"publish","type":"post","link":"https:\/\/www.enviblog.cz\/blog\/2018\/07\/22\/mysl-v-jeskyni-aneb-kratke-zamysleni\/","title":{"rendered":"Mysl v jeskyni aneb kr\u00e1tk\u00e9 zamy\u0161len\u00ed&#8230;"},"content":{"rendered":"<p>B\u00e1sni\u010dka se r\u00fdmuje, my\u0161lenka se r\u00e1muje\u2026 Chci t\u00edm \u0159\u00edct, \u017ee dobr\u00e1 idea by m\u011bla m\u00edt sv\u016fj filozofick\u00fd r\u00e1mec. Jeden takov\u00fd se te\u010f pokus\u00edm postavit pro svoji my\u0161lenku\u2026<\/p>\n<p>Dostala se mi p\u0159ed p\u00e1r dny do rukou kniha od Davida Lewis-Williamse nazvan\u00e1 \u201eMysl v jeskyni\u201c. Autor se zde zab\u00fdv\u00e1 tzv. \u201ep\u0159echodov\u00fdm obdob\u00edm\u201c v d\u011bjin\u00e1ch \u010dlov\u011bka, relativn\u011b dlouhou \u010dasovou periodou p\u0159ed 45 a\u017e 35 tis\u00edci lety. Odborn\u00edky je toto obdob\u00ed naz\u00fdv\u00e1no &#8222;mladopaleolitickou revoluc\u00ed&#8220;. Homo sapiens tehdy z jihu a v\u00fdchodu dorazil a\u017e k Pyrenej\u00edm a za\u010dal um\u011blecky tvo\u0159it. Maloval v jeskyn\u00edch, t\u0159eba v Altami\u0159e. Taky se tam tehdy potkal se st\u00e1le \u017eij\u00edc\u00edm neandrt\u00e1lcem a je ot\u00e1zkou, jak\u00fd vliv na psychiku obou toto setk\u00e1n\u00ed vlastn\u011b m\u011blo\u2026<\/p>\n<p>To ale rad\u011bji ponechme stranou&#8230; Asi m\u011b zaj\u00edm\u00e1 v\u00edce, co tehdej\u0161\u00ed lid\u00e9 m\u011bli na mysli, kdy\u017e prov\u00e1d\u011bli sv\u00e9 ritu\u00e1ly t\u0159eba i hluboko v jeskynn\u00edm podzem\u00ed!? Jog\u00edn by \u0159ekl, \u017ee jejich mysl byla pohrou\u017eena v mystick\u00fd pro\u017eitek\u2026 Tomu bych docela i v\u011b\u0159il.<\/p>\n<p>Tak\u017ee si kladu ot\u00e1zku, co vlastn\u011b j\u00e1 s\u00e1m v t\u011bch sp\u00ed\u0161e nep\u0159\u00edjemn\u00fdch prostor\u00e1ch dnes pohled\u00e1v\u00e1m\u2026?! Mystick\u00e9ho z\u00e1\u017eitku je m\u00e1 mysl schopna pouze po po\u0159\u00e1dn\u00e9m dopingu a na takovou p\u0159\u00edjemnou chvilku nem\u00e1me p\u0159i na\u0161\u00ed pr\u00e1ci poka\u017ed\u00e9 \u010das&#8230; To\u017e se mus\u00edm poohl\u00e9dnout alespo\u0148 po tom filozofick\u00e9m r\u00e1mci\u2026<\/p>\n<p>Nab\u00edz\u00ed se voda&#8230; Ostatn\u011b, v podzem\u00ed n\u00e1s na sebe posledn\u00ed dobou upozor\u0148uje v\u00fdrazn\u011b, v Praze nebo v Thajsku\u2026 A jist\u011b bude upozor\u0148ovat i nad\u00e1le na dal\u0161\u00edch kr\u00e1sn\u00fdch m\u00edstech\u2026 My se cestami vody v podzem\u00ed Punkvy zab\u00fdv\u00e1me u\u017e asi deset let a snad to je\u0161t\u011b n\u011bjakou dobu vydr\u017e\u00edme. Mo\u017en\u00e1 nakonec taky hlavn\u011b proto, \u017ee stejn\u011b jako lid\u00e9 \u201ep\u0159echodov\u00e9ho obdob\u00ed\u201c st\u00e1le dok\u00e1\u017eeme v jeskyn\u00edch c\u00edtit to tajemn\u00e9 nap\u011bt\u00ed. Ale nejen my, jak vidno z dne\u0161n\u00edch m\u00e9di\u00ed\u2026 Jeskyn\u011b, voda, podzem\u00ed\u2026 To jsou star\u00e1 m\u00e9dia, kter\u00e1 st\u00e1le velmi dob\u0159e vedou&#8230;<\/p>\n<p>V\u011b\u0159\u00edm pevn\u011b, \u017ee voda to s n\u00e1mi mysl\u00ed dob\u0159e, i kdy\u017e se n\u00e1m jej\u00ed chov\u00e1n\u00ed m\u016f\u017ee zd\u00e1t nevyzpytateln\u00e9. Ostatn\u011b chov\u00e1n\u00ed m\u00e9 \u017eeny taky \u010dasto nedok\u00e1\u017eu p\u0159edem odhadnout&#8230; A je to moje chyba!<\/p>\n<p>Voda, temn\u00e9 dutiny, \u017eeny&#8230; Napad\u00e1 m\u011b tolik souvislost\u00ed, \u017ee o nich zde ani nem\u016f\u017eu ps\u00e1t. Ale aspo\u0148 to si \u0159\u00edk\u00e1m, jestli nen\u00ed na\u010dase zalo\u017eit &#8222;v\u011bdn\u00ed discipl\u00ednu&#8220;, kter\u00e1 by se n\u011b\u010d\u00edm jako &#8222;psychologi\u00ed vody&#8220; v\u00e1\u017en\u011b zab\u00fdvala&#8230;<\/p>\n<p>Ne\u017e se n\u00e1m to poda\u0159\u00ed, mus\u00edme d\u016fkladn\u011b sledovat, jak se voda &#8222;chov\u00e1&#8220;&#8230; v podzem\u00ed i na povrchu. M\u011b\u0159\u00edc\u00ed technika je dnes na takov\u00e9 \u00farovni, \u017ee se do m\u011b\u0159en\u00ed kol\u00eds\u00e1n\u00ed hladiny vody m\u016f\u017eeme pou\u0161t\u011bt i na m\u00edstech, kde to d\u0159\u00edve bylo spojeno s nep\u0159ekonateln\u00fdmi obt\u00ed\u017eemi, nap\u0159. v jeskyn\u00edch. M\u00e1me mo\u017enost zakl\u00e1dat zde nov\u00e9 stanice a vytv\u00e1\u0159et nov\u00e9 \u010dasov\u00e9 \u0159ady cenn\u00fdch dat&#8230; Lze to pojmout jako um\u011bleckou \u010dinnost, jako ritu\u00e1l podobn\u00fd t\u011bm, kter\u00e9 v jeskyn\u00edch prov\u00e1d\u011bli lid\u00e9 mladopaleolitick\u00e9ho obdob\u00ed. A potom, v brzk\u00e9 budoucnosti, snad budeme schopni vzkaz Vody rozlu\u0161tit!<\/p>\n<p>Tak nev\u00edm, je to r\u00e1m, nebo jen sn\u016f\u0161ka nepoveden\u00fdch r\u00fdmu? Ka\u017edop\u00e1dn\u011b, v\u00edc tomu dnes u\u017e ned\u00e1m, tak\u017ee p\u0159\u00ed\u0161t\u011b se snad polep\u0161\u00edm\u2026<\/p>\n","protected":false},"excerpt":{"rendered":"<p>B\u00e1sni\u010dka se r\u00fdmuje, my\u0161lenka se r\u00e1muje\u2026 Chci t\u00edm \u0159\u00edct, \u017ee dobr\u00e1 idea by m\u011bla m\u00edt sv\u016fj filozofick\u00fd r\u00e1mec. Jeden takov\u00fd se te\u010f pokus\u00edm postavit pro svoji my\u0161lenku\u2026 Dostala se mi p\u0159ed p\u00e1r dny do rukou kniha od Davida Lewis-Williamse nazvan\u00e1 \u201eMysl v jeskyni\u201c. Autor se zde zab\u00fdv\u00e1 tzv. \u201ep\u0159echodov\u00fdm obdob\u00edm\u201c v d\u011bjin\u00e1ch \u010dlov\u011bka, relativn\u011b dlouhou [&hellip;]<\/p>\n","protected":false},"author":4,"featured_media":509,"comment_status":"open","ping_status":"open","sticky":false,"template":"","format":"standard","meta":{"jetpack_post_was_ever_published":false,"_jetpack_newsletter_access":"","_jetpack_dont_email_post_to_subs":false,"_jetpack_newsletter_tier_id":0,"_jetpack_memberships_contains_paywalled_content":false,"_jetpack_memberships_contains_paid_content":false,"footnotes":"","jetpack_publicize_message":"","jetpack_publicize_feature_enabled":true,"jetpack_social_post_already_shared":true,"jetpack_social_options":{"image_generator_settings":{"template":"highway","enabled":false},"version":2}},"categories":[4],"tags":[9],"coauthors":[27],"class_list":["post-505","post","type-post","status-publish","format-standard","has-post-thumbnail","hentry","category-voda","tag-jeskyne","entry","has-media"],"jetpack_publicize_connections":[],"jetpack_sharing_enabled":true,"jetpack_featured_media_url":"https:\/\/www.enviblog.cz\/blog\/wp-content\/uploads\/2018\/07\/P1000143.jpg","jetpack_shortlink":"https:\/\/wp.me\/pa1A1I-89","_links":{"self":[{"href":"https:\/\/www.enviblog.cz\/blog\/wp-json\/wp\/v2\/posts\/505","targetHints":{"allow":["GET"]}}],"collection":[{"href":"https:\/\/www.enviblog.cz\/blog\/wp-json\/wp\/v2\/posts"}],"about":[{"href":"https:\/\/www.enviblog.cz\/blog\/wp-json\/wp\/v2\/types\/post"}],"author":[{"embeddable":true,"href":"https:\/\/www.enviblog.cz\/blog\/wp-json\/wp\/v2\/users\/4"}],"replies":[{"embeddable":true,"href":"https:\/\/www.enviblog.cz\/blog\/wp-json\/wp\/v2\/comments?post=505"}],"version-history":[{"count":12,"href":"https:\/\/www.enviblog.cz\/blog\/wp-json\/wp\/v2\/posts\/505\/revisions"}],"predecessor-version":[{"id":535,"href":"https:\/\/www.enviblog.cz\/blog\/wp-json\/wp\/v2\/posts\/505\/revisions\/535"}],"wp:featuredmedia":[{"embeddable":true,"href":"https:\/\/www.enviblog.cz\/blog\/wp-json\/wp\/v2\/media\/509"}],"wp:attachment":[{"href":"https:\/\/www.enviblog.cz\/blog\/wp-json\/wp\/v2\/media?parent=505"}],"wp:term":[{"taxonomy":"category","embeddable":true,"href":"https:\/\/www.enviblog.cz\/blog\/wp-json\/wp\/v2\/categories?post=505"},{"taxonomy":"post_tag","embeddable":true,"href":"https:\/\/www.enviblog.cz\/blog\/wp-json\/wp\/v2\/tags?post=505"},{"taxonomy":"author","embeddable":true,"href":"https:\/\/www.enviblog.cz\/blog\/wp-json\/wp\/v2\/coauthors?post=505"}],"curies":[{"name":"wp","href":"https:\/\/api.w.org\/{rel}","templated":true}]}}