{"id":4812,"date":"2021-03-13T12:58:58","date_gmt":"2021-03-13T11:58:58","guid":{"rendered":"https:\/\/www.enviblog.cz\/blog\/?p=4812"},"modified":"2021-03-13T18:40:06","modified_gmt":"2021-03-13T17:40:06","slug":"etna-z-druzice","status":"publish","type":"post","link":"https:\/\/www.enviblog.cz\/blog\/2021\/03\/13\/etna-z-druzice\/","title":{"rendered":"Etna z dru\u017eice"},"content":{"rendered":"<p><em><strong>V t\u011bchto dnech je sicilsk\u00e1 sopka Etna op\u011bt velmi aktivn\u00ed. Dru\u017eicov\u00e9 sn\u00edmky jednoho z v\u00fdbuch\u016f 12. b\u0159ezna leto\u0161n\u00edho roku jsou nejen zaj\u00edmav\u00e9, ale tak\u00e9 ukazuj\u00ed na n\u011bkolik dal\u0161\u00edch skute\u010dnost\u00ed.<\/strong><\/em><\/p>\n<p>Etna je nejvy\u0161\u0161\u00ed \u010dinnou sopkou v Evrop\u011b s nadmo\u0159skou v\u00fd\u0161kou 3323 m. n. m. (tento \u00fadaj je ale prom\u011bnliv\u00fd, proto\u017ee se n\u00e1sledkem sope\u010dn\u00fdch erupc\u00ed m\u016f\u017ee v\u00fd\u0161ka vrcholu v\u00fdrazn\u011b m\u011bnit). Jedn\u00e1 se o jednu z nejaktivn\u011bj\u0161\u00edch sopek na sv\u011bt\u011b a z\u00e1rove\u0148 sopku s nejdel\u0161\u00edm dolo\u017een\u00fdm z\u00e1znamem o erupc\u00edch. Soptit l\u00e1vu \u00fadajn\u011b za\u010dala p\u0159ed p\u0159ibli\u017en\u011b p\u016fl milionem let.<\/p>\n<p>V posledn\u00edch letech, d\u00edky dru\u017eicov\u00fdm sn\u00edmk\u016fm, m\u016f\u017eeme na tuto sopku a n\u00e1sledky erupc\u00ed nahl\u00ed\u017eet z nov\u00e9 perspektivy. N\u00ed\u017ee uveden\u00e1 videa jsou kr\u00e1snou uk\u00e1zkou jedn\u00e9 takov\u00e9 erupce tak, jak ji bylo mo\u017en\u00e9 pozorovat z v\u00fd\u0161ky. To, co na videu vypad\u00e1 jako vypu\u0161t\u011bn\u00ed drobn\u00e9ho obl\u00e1\u010dku, je samoz\u0159ejm\u011b ve skute\u010dnosti v\u00fdrazn\u011b dramati\u010dt\u011bj\u0161\u00ed jev.<\/p>\n<p>Krom\u011b zaj\u00edmav\u00e9ho dru\u017eicov\u00e9ho sn\u00edmku ale toto video ukazuje na dal\u0161\u00ed dv\u011b d\u016fle\u017eit\u00e9 skute\u010dnosti:<\/p>\n<ul>\n<li>existuje \u0159ada p\u0159\u00edrodn\u00edch zdroj\u016f zne\u010di\u0161\u0165ov\u00e1n\u00ed ovzdu\u0161\u00ed &#8211; i v hypoteticky \u00fapln\u00e9 absenci lid\u00ed na Zemi, by ovzdu\u0161\u00ed na na\u0161\u00ed planet\u011b nebylo zcela \u010dist\u00e9. P\u0159i velk\u00e9 erupci m\u016f\u017ee b\u00fdt do ovzdu\u0161\u00ed vychrleno obrovsk\u00e9 mno\u017estv\u00ed zne\u010di\u0161\u0165uj\u00edc\u00edch l\u00e1tek a v\u00fdbuch ovlivn\u011bno i glob\u00e1ln\u00ed po\u010das\u00ed.<\/li>\n<li>zne\u010di\u0161\u0165uj\u00edc\u00ed l\u00e1tky se ovzdu\u0161\u00edm mohou \u0161\u00ed\u0159it na obrovsk\u00e9 vzd\u00e1lenosti &#8211; zhor\u0161en\u00e1 kvalita ovzdu\u0161\u00ed na ur\u010dit\u00e9m m\u00edst\u011b neznamen\u00e1, \u017ee toto zne\u010di\u0161t\u011bn\u00ed vzniklo v bl\u00edzk\u00e9m okol\u00ed, zdroj mohl b\u00fdt stovky kilometr\u016f daleko. Toto se samoz\u0159ejm\u011b net\u00fdk\u00e1 pouze sope\u010dn\u00fdch v\u00fdbuch\u016f.<\/li>\n<\/ul>\n<p>Na druh\u00e9m videu, kter\u00e9 p\u0159edstavuje v\u00fd\u0159ez z prvn\u00edho, je patrn\u00e1 i oran\u017eov\u00e1 l\u00e1va.<\/p>\n<div style=\"width: 720px;\" class=\"wp-video\"><!--[if lt IE 9]><script>document.createElement('video');<\/script><![endif]-->\n<video class=\"wp-video-shortcode\" id=\"video-4812-1\" width=\"720\" height=\"720\" preload=\"metadata\" controls=\"controls\"><source type=\"video\/mp4\" src=\"https:\/\/chmibrno.org\/blog\/wp-content\/uploads\/2021\/03\/Etna.mp4?_=1\" \/><a href=\"https:\/\/chmibrno.org\/blog\/wp-content\/uploads\/2021\/03\/Etna.mp4\">https:\/\/chmibrno.org\/blog\/wp-content\/uploads\/2021\/03\/Etna.mp4<\/a><\/video><\/div>\n<p>&nbsp;<\/p>\n<div style=\"width: 720px;\" class=\"wp-video\"><video class=\"wp-video-shortcode\" id=\"video-4812-2\" width=\"720\" height=\"720\" preload=\"metadata\" controls=\"controls\"><source type=\"video\/mp4\" src=\"https:\/\/chmibrno.org\/blog\/wp-content\/uploads\/2021\/03\/Etna2.mp4?_=2\" \/><a href=\"https:\/\/chmibrno.org\/blog\/wp-content\/uploads\/2021\/03\/Etna2.mp4\">https:\/\/chmibrno.org\/blog\/wp-content\/uploads\/2021\/03\/Etna2.mp4<\/a><\/video><\/div>\n<p>&nbsp;<\/p>\n<p><em>Zdroj: zoom.earth<\/em><\/p>\n[leaflet-map zoom=8 lat=37.754063 lng=14.995246 zoomcontrol]\n[leaflet-marker svg background=&#8220;#fff&#8220; iconClass=&#8220;dashicons dashicons-star-filled&#8220; color=&#8220;red&#8220; lat=37.75093 lng=14.99404]Etna[\/leaflet-marker]\n<p>&nbsp;<\/p>\n<p><a href=\"https:\/\/chmibrno.org\/blog\/wp-content\/uploads\/2021\/03\/etna-2979915_1920.jpg\"><img fetchpriority=\"high\" decoding=\"async\" class=\"aligncenter size-full wp-image-4828\" src=\"https:\/\/chmibrno.org\/blog\/wp-content\/uploads\/2021\/03\/etna-2979915_1920.jpg\" alt=\"\" width=\"1920\" height=\"1080\" srcset=\"https:\/\/www.enviblog.cz\/blog\/wp-content\/uploads\/2021\/03\/etna-2979915_1920.jpg 1920w, https:\/\/www.enviblog.cz\/blog\/wp-content\/uploads\/2021\/03\/etna-2979915_1920-300x169.jpg 300w, https:\/\/www.enviblog.cz\/blog\/wp-content\/uploads\/2021\/03\/etna-2979915_1920-1024x576.jpg 1024w, https:\/\/www.enviblog.cz\/blog\/wp-content\/uploads\/2021\/03\/etna-2979915_1920-768x432.jpg 768w, https:\/\/www.enviblog.cz\/blog\/wp-content\/uploads\/2021\/03\/etna-2979915_1920-1536x864.jpg 1536w, https:\/\/www.enviblog.cz\/blog\/wp-content\/uploads\/2021\/03\/etna-2979915_1920-240x135.jpg 240w\" sizes=\"(max-width: 1920px) 100vw, 1920px\" \/><\/a><\/p>\n","protected":false},"excerpt":{"rendered":"<p>V t\u011bchto dnech je sicilsk\u00e1 sopka Etna op\u011bt velmi aktivn\u00ed. Dru\u017eicov\u00e9 sn\u00edmky jednoho z v\u00fdbuch\u016f 12. b\u0159ezna leto\u0161n\u00edho roku jsou nejen zaj\u00edmav\u00e9, ale tak\u00e9 ukazuj\u00ed na n\u011bkolik dal\u0161\u00edch skute\u010dnost\u00ed. Etna je nejvy\u0161\u0161\u00ed \u010dinnou sopkou v Evrop\u011b s nadmo\u0159skou v\u00fd\u0161kou 3323 m. n. m. (tento \u00fadaj je ale prom\u011bnliv\u00fd, proto\u017ee se n\u00e1sledkem sope\u010dn\u00fdch erupc\u00ed m\u016f\u017ee v\u00fd\u0161ka [&hellip;]<\/p>\n","protected":false},"author":1,"featured_media":4817,"comment_status":"open","ping_status":"open","sticky":false,"template":"","format":"standard","meta":{"jetpack_post_was_ever_published":false,"_jetpack_newsletter_access":"","_jetpack_dont_email_post_to_subs":false,"_jetpack_newsletter_tier_id":0,"_jetpack_memberships_contains_paywalled_content":false,"_jetpack_memberships_contains_paid_content":false,"footnotes":"","jetpack_publicize_message":"","jetpack_publicize_feature_enabled":true,"jetpack_social_post_already_shared":true,"jetpack_social_options":{"image_generator_settings":{"template":"highway","enabled":false},"version":2}},"categories":[6,5],"tags":[247,248],"coauthors":[19],"class_list":["post-4812","post","type-post","status-publish","format-standard","has-post-thumbnail","hentry","category-other","category-ovzdusi","tag-sopka","tag-zdroje-znecisteni","entry","has-media"],"jetpack_publicize_connections":[],"jetpack_sharing_enabled":true,"jetpack_featured_media_url":"https:\/\/www.enviblog.cz\/blog\/wp-content\/uploads\/2021\/03\/Etna.gif","jetpack_shortlink":"https:\/\/wp.me\/pa1A1I-1fC","_links":{"self":[{"href":"https:\/\/www.enviblog.cz\/blog\/wp-json\/wp\/v2\/posts\/4812","targetHints":{"allow":["GET"]}}],"collection":[{"href":"https:\/\/www.enviblog.cz\/blog\/wp-json\/wp\/v2\/posts"}],"about":[{"href":"https:\/\/www.enviblog.cz\/blog\/wp-json\/wp\/v2\/types\/post"}],"author":[{"embeddable":true,"href":"https:\/\/www.enviblog.cz\/blog\/wp-json\/wp\/v2\/users\/1"}],"replies":[{"embeddable":true,"href":"https:\/\/www.enviblog.cz\/blog\/wp-json\/wp\/v2\/comments?post=4812"}],"version-history":[{"count":18,"href":"https:\/\/www.enviblog.cz\/blog\/wp-json\/wp\/v2\/posts\/4812\/revisions"}],"predecessor-version":[{"id":4845,"href":"https:\/\/www.enviblog.cz\/blog\/wp-json\/wp\/v2\/posts\/4812\/revisions\/4845"}],"wp:featuredmedia":[{"embeddable":true,"href":"https:\/\/www.enviblog.cz\/blog\/wp-json\/wp\/v2\/media\/4817"}],"wp:attachment":[{"href":"https:\/\/www.enviblog.cz\/blog\/wp-json\/wp\/v2\/media?parent=4812"}],"wp:term":[{"taxonomy":"category","embeddable":true,"href":"https:\/\/www.enviblog.cz\/blog\/wp-json\/wp\/v2\/categories?post=4812"},{"taxonomy":"post_tag","embeddable":true,"href":"https:\/\/www.enviblog.cz\/blog\/wp-json\/wp\/v2\/tags?post=4812"},{"taxonomy":"author","embeddable":true,"href":"https:\/\/www.enviblog.cz\/blog\/wp-json\/wp\/v2\/coauthors?post=4812"}],"curies":[{"name":"wp","href":"https:\/\/api.w.org\/{rel}","templated":true}]}}