{"id":4025,"date":"2020-11-05T15:14:23","date_gmt":"2020-11-05T14:14:23","guid":{"rendered":"https:\/\/www.enviblog.cz\/blog\/?p=4025"},"modified":"2020-11-05T15:17:19","modified_gmt":"2020-11-05T14:17:19","slug":"konference-gis-esri-v-cr-2","status":"publish","type":"post","link":"https:\/\/www.enviblog.cz\/blog\/2020\/11\/05\/konference-gis-esri-v-cr-2\/","title":{"rendered":"Konference GIS Esri v \u010cR"},"content":{"rendered":"<p>Na konferenci ESRI v\u00a0\u010cR, po\u0159\u00e1dan\u00e9 firmou Arcdata v\u00a0leto\u0161n\u00edm roce virtu\u00e1ln\u00ed formou, je mo\u017en\u00e9 si, krom\u011b \u017eiv\u00fdch p\u0159edn\u00e1\u0161ek, p\u0159edto\u010den\u00fdch prezentac\u00ed a workshop\u016f, prohl\u00e9dnout tak\u00e9 v\u00edce ne\u017e dvacet online map a aplikac\u00ed. Z\u00e1stupci \u010cHM\u00da zde prezentuj\u00ed t\u0159i takov\u00e9 aplikace sd\u00edlen\u00e9 prost\u0159ednictv\u00edm cloudov\u00e9ho gisov\u00e9ho prost\u0159ed\u00ed ArcGIS Online.<\/p>\n<p>&nbsp;<\/p>\n<p>Povode\u0148 na Uni\u010dovsku 7. a 8. \u010dervna 2020<\/p>\n<p><a href=\"https:\/\/arcg.is\/O8rmn\">https:\/\/arcg.is\/O8rmn<\/a><\/p>\n<p>&nbsp;<\/p>\n<p>Aktualizace rozvodnic \u010cR nad digit\u00e1ln\u00edm modelem reli\u00e9fu 5G<\/p>\n<p><a href=\"https:\/\/arcg.is\/1THnPP\">https:\/\/arcg.is\/1THnPP<\/a><\/p>\n<p>&nbsp;<\/p>\n<p>Povod\u0148ov\u00e1n\u00ed &#8211; luh p\u0159i soutoku Moravy a Dyje<\/p>\n<p><a href=\"https:\/\/arcg.is\/4rijz\">https:\/\/arcg.is\/4rijz<\/a><\/p>\n","protected":false},"excerpt":{"rendered":"<p>Na konferenci ESRI v\u00a0\u010cR, po\u0159\u00e1dan\u00e9 firmou Arcdata v\u00a0leto\u0161n\u00edm roce virtu\u00e1ln\u00ed formou, je mo\u017en\u00e9 si, krom\u011b \u017eiv\u00fdch p\u0159edn\u00e1\u0161ek, p\u0159edto\u010den\u00fdch prezentac\u00ed a workshop\u016f, prohl\u00e9dnout tak\u00e9 v\u00edce ne\u017e dvacet online map a aplikac\u00ed. Z\u00e1stupci \u010cHM\u00da zde prezentuj\u00ed t\u0159i takov\u00e9 aplikace sd\u00edlen\u00e9 prost\u0159ednictv\u00edm cloudov\u00e9ho gisov\u00e9ho prost\u0159ed\u00ed ArcGIS Online. &nbsp; Povode\u0148 na Uni\u010dovsku 7. a 8. \u010dervna 2020 https:\/\/arcg.is\/O8rmn &nbsp; [&hellip;]<\/p>\n","protected":false},"author":13,"featured_media":4026,"comment_status":"open","ping_status":"open","sticky":false,"template":"","format":"standard","meta":{"jetpack_post_was_ever_published":false,"_jetpack_newsletter_access":"","_jetpack_dont_email_post_to_subs":false,"_jetpack_newsletter_tier_id":0,"_jetpack_memberships_contains_paywalled_content":false,"_jetpack_memberships_contains_paid_content":false,"footnotes":"","jetpack_publicize_message":"","jetpack_publicize_feature_enabled":true,"jetpack_social_post_already_shared":true,"jetpack_social_options":{"image_generator_settings":{"template":"highway","enabled":false},"version":2}},"categories":[6,4],"tags":[84,141,203],"coauthors":[127],"class_list":["post-4025","post","type-post","status-publish","format-standard","has-post-thumbnail","hentry","category-other","category-voda","tag-cr","tag-hydrologie","tag-konference-gis","entry","has-media"],"jetpack_publicize_connections":[],"jetpack_sharing_enabled":true,"jetpack_featured_media_url":"https:\/\/www.enviblog.cz\/blog\/wp-content\/uploads\/2020\/11\/konference_2020.png","jetpack_shortlink":"https:\/\/wp.me\/pa1A1I-12V","_links":{"self":[{"href":"https:\/\/www.enviblog.cz\/blog\/wp-json\/wp\/v2\/posts\/4025","targetHints":{"allow":["GET"]}}],"collection":[{"href":"https:\/\/www.enviblog.cz\/blog\/wp-json\/wp\/v2\/posts"}],"about":[{"href":"https:\/\/www.enviblog.cz\/blog\/wp-json\/wp\/v2\/types\/post"}],"author":[{"embeddable":true,"href":"https:\/\/www.enviblog.cz\/blog\/wp-json\/wp\/v2\/users\/13"}],"replies":[{"embeddable":true,"href":"https:\/\/www.enviblog.cz\/blog\/wp-json\/wp\/v2\/comments?post=4025"}],"version-history":[{"count":1,"href":"https:\/\/www.enviblog.cz\/blog\/wp-json\/wp\/v2\/posts\/4025\/revisions"}],"predecessor-version":[{"id":4027,"href":"https:\/\/www.enviblog.cz\/blog\/wp-json\/wp\/v2\/posts\/4025\/revisions\/4027"}],"wp:featuredmedia":[{"embeddable":true,"href":"https:\/\/www.enviblog.cz\/blog\/wp-json\/wp\/v2\/media\/4026"}],"wp:attachment":[{"href":"https:\/\/www.enviblog.cz\/blog\/wp-json\/wp\/v2\/media?parent=4025"}],"wp:term":[{"taxonomy":"category","embeddable":true,"href":"https:\/\/www.enviblog.cz\/blog\/wp-json\/wp\/v2\/categories?post=4025"},{"taxonomy":"post_tag","embeddable":true,"href":"https:\/\/www.enviblog.cz\/blog\/wp-json\/wp\/v2\/tags?post=4025"},{"taxonomy":"author","embeddable":true,"href":"https:\/\/www.enviblog.cz\/blog\/wp-json\/wp\/v2\/coauthors?post=4025"}],"curies":[{"name":"wp","href":"https:\/\/api.w.org\/{rel}","templated":true}]}}