{"id":394,"date":"2018-07-01T16:34:05","date_gmt":"2018-07-01T14:34:05","guid":{"rendered":"https:\/\/www.enviblog.cz\/blog\/?p=394"},"modified":"2018-10-06T10:41:33","modified_gmt":"2018-10-06T08:41:33","slug":"novy-svetovy-rekord-pro-nejvyssi-24h-minimalni-teplotu","status":"publish","type":"post","link":"https:\/\/www.enviblog.cz\/blog\/2018\/07\/01\/novy-svetovy-rekord-pro-nejvyssi-24h-minimalni-teplotu\/","title":{"rendered":"Nov\u00fd sv\u011btov\u00fd rekord pro nejvy\u0161\u0161\u00ed 24h minim\u00e1ln\u00ed teplotu"},"content":{"rendered":"<p><strong>P\u0159ed \u010dty\u0159mi dny, tedy 28. \u010dervna 2018 padl nov\u00fd sv\u011btov\u00fd rekord pro nejvy\u0161\u0161\u00ed 24h minimum teploty vzduchu v omansk\u00e9m m\u011bst\u011b Quriyat. V noci tam teplota neklesla pod 42,6\u00b0C.<\/strong><\/p>\n<p>P\u0159es den se teplota vy\u0161plahala na t\u011b\u017eko p\u0159edstaviteln\u00fdch 49,8\u00b0C, tedy p\u0159esn\u011b jeden stupe\u0148 pod absolutn\u00edm historick\u00fdm maximem Omanu z 30. kv\u011btna 2017. V noci pak klesla pouze na 42,6\u00b0C a byl tak stanoven nov\u00fd sv\u011btov\u00fd rekord pro nejvy\u0161\u0161\u00ed minim\u00e1ln\u00ed 24h teplotu, kter\u00fd dosud dr\u017eelo omansk\u00e9 leti\u0161t\u011b Khasab Airport (41,9\u00b0C).<\/p>\n<p>Pro\u010d je zrovna Oman zem\u00ed s tak extr\u00e9mn\u011b vysok\u00fdmi teplotami? D\u016fvod\u016f je n\u011bkolik. Oman le\u017e\u00ed pod\u00e9l Omansk\u00e9ho z\u00e1livu, kde je jedna z nejvy\u0161\u0161\u00edch teplot vody v\u016fbec, b\u011b\u017en\u011b p\u0159ekra\u010duj\u00edc\u00ed 30\u00b0C. Na \u00fazem\u00ed Omanu se tak z jedn\u00e9 strany dost\u00e1v\u00e1 velmi tepl\u00fd vzduch z Arabsk\u00e9ho poloostrova a z druh\u00e9 strany tepl\u00fd, vlhk\u00fd vzduch od Omansk\u00e9ho z\u00e1livu. D\u00edky vysok\u00e9 vlhkosti se pak vzduch v noci pomaleji ochlazuje.<\/p>\n<p>Pro zaj\u00edmavost je\u0161t\u011b dopl\u0148me, \u017ee absolutn\u011b nejvy\u0161\u0161\u00ed teplota nam\u011b\u0159en\u00e1 ofici\u00e1ln\u011b na Zemi m\u00e1 hodnotu 56,7\u00b0C z 10. \u010dervence 1913 v kalifornsk\u00e9m Furnace Creek Ranch v \u00dadol\u00ed smrti. Abslutn\u00ed maximum pro \u010ceskou republiku m\u00e1 hodnotu 40,4\u00b0C a bylo nam\u011b\u0159eno 20. srpna 2012 v Dob\u0159ichovic\u00edch &#8211; tedy o v\u00edce ne\u017e 2 stupn\u011b m\u00e9n\u011b, ne\u017e \u010din\u00ed nov\u00e9 nejvy\u0161\u0161\u00ed 24h minimum.<\/p>\n","protected":false},"excerpt":{"rendered":"<p>P\u0159ed \u010dty\u0159mi dny, tedy 28. \u010dervna 2018 padl nov\u00fd sv\u011btov\u00fd rekord pro nejvy\u0161\u0161\u00ed 24h minimum teploty vzduchu v omansk\u00e9m m\u011bst\u011b Quriyat. V noci tam teplota neklesla pod 42,6\u00b0C. P\u0159es den se teplota vy\u0161plahala na t\u011b\u017eko p\u0159edstaviteln\u00fdch 49,8\u00b0C, tedy p\u0159esn\u011b jeden stupe\u0148 pod absolutn\u00edm historick\u00fdm maximem Omanu z 30. kv\u011btna 2017. V noci pak klesla pouze [&hellip;]<\/p>\n","protected":false},"author":1,"featured_media":395,"comment_status":"open","ping_status":"open","sticky":false,"template":"","format":"standard","meta":{"jetpack_post_was_ever_published":false,"_jetpack_newsletter_access":"","_jetpack_dont_email_post_to_subs":false,"_jetpack_newsletter_tier_id":0,"_jetpack_memberships_contains_paywalled_content":false,"_jetpack_memberships_contains_paid_content":false,"footnotes":"","jetpack_publicize_message":"","jetpack_publicize_feature_enabled":true,"jetpack_social_post_already_shared":true,"jetpack_social_options":{"image_generator_settings":{"template":"highway","enabled":false},"version":2}},"categories":[3],"tags":[61,53,72],"coauthors":[19],"class_list":["post-394","post","type-post","status-publish","format-standard","has-post-thumbnail","hentry","category-pocasi","tag-horka","tag-pocasi","tag-rekord","entry","has-media"],"jetpack_publicize_connections":[],"jetpack_sharing_enabled":true,"jetpack_featured_media_url":"https:\/\/www.enviblog.cz\/blog\/wp-content\/uploads\/2018\/07\/178690.jpg","jetpack_shortlink":"https:\/\/wp.me\/pa1A1I-6m","_links":{"self":[{"href":"https:\/\/www.enviblog.cz\/blog\/wp-json\/wp\/v2\/posts\/394","targetHints":{"allow":["GET"]}}],"collection":[{"href":"https:\/\/www.enviblog.cz\/blog\/wp-json\/wp\/v2\/posts"}],"about":[{"href":"https:\/\/www.enviblog.cz\/blog\/wp-json\/wp\/v2\/types\/post"}],"author":[{"embeddable":true,"href":"https:\/\/www.enviblog.cz\/blog\/wp-json\/wp\/v2\/users\/1"}],"replies":[{"embeddable":true,"href":"https:\/\/www.enviblog.cz\/blog\/wp-json\/wp\/v2\/comments?post=394"}],"version-history":[{"count":2,"href":"https:\/\/www.enviblog.cz\/blog\/wp-json\/wp\/v2\/posts\/394\/revisions"}],"predecessor-version":[{"id":406,"href":"https:\/\/www.enviblog.cz\/blog\/wp-json\/wp\/v2\/posts\/394\/revisions\/406"}],"wp:featuredmedia":[{"embeddable":true,"href":"https:\/\/www.enviblog.cz\/blog\/wp-json\/wp\/v2\/media\/395"}],"wp:attachment":[{"href":"https:\/\/www.enviblog.cz\/blog\/wp-json\/wp\/v2\/media?parent=394"}],"wp:term":[{"taxonomy":"category","embeddable":true,"href":"https:\/\/www.enviblog.cz\/blog\/wp-json\/wp\/v2\/categories?post=394"},{"taxonomy":"post_tag","embeddable":true,"href":"https:\/\/www.enviblog.cz\/blog\/wp-json\/wp\/v2\/tags?post=394"},{"taxonomy":"author","embeddable":true,"href":"https:\/\/www.enviblog.cz\/blog\/wp-json\/wp\/v2\/coauthors?post=394"}],"curies":[{"name":"wp","href":"https:\/\/api.w.org\/{rel}","templated":true}]}}