{"id":3892,"date":"2020-08-27T13:24:43","date_gmt":"2020-08-27T11:24:43","guid":{"rendered":"https:\/\/www.enviblog.cz\/blog\/?p=3892"},"modified":"2025-01-19T12:59:58","modified_gmt":"2025-01-19T11:59:58","slug":"rozhovor-peter-hruska-regionalni-predpovedni-pracoviste-brno","status":"publish","type":"post","link":"https:\/\/www.enviblog.cz\/blog\/2020\/08\/27\/rozhovor-peter-hruska-regionalni-predpovedni-pracoviste-brno\/","title":{"rendered":"Rozhovor: Peter Hru\u0161ka, region\u00e1ln\u00ed p\u0159edpov\u011bdn\u00ed pracovi\u0161t\u011b \u010cHM\u00da Brno"},"content":{"rendered":"<p><em><strong>Jak funguje p\u0159edpov\u011bdn\u00ed pracovi\u0161t\u011b na \u010cHM\u00da? Co je n\u00e1pln\u00ed \u010dlov\u011bka pracuj\u00edc\u00edho na p\u0159edpov\u011bdn\u00edm odd\u011blen\u00ed? Jak se m\u011bn\u00ed tvorba p\u0159edpov\u011bd\u00ed v \u010dase \u010di co mus\u00edm ud\u011blat, abych mohl pracovat na takov\u00e9mto odd\u011blen\u00ed. Jak p\u0159esn\u00e9 jsou modely, jakou roli dnes hraje lidsk\u00fd faktor a je lep\u0161\u00ed \u0159\u00eddit se p\u0159edpov\u011bd\u00ed velmi lok\u00e1ln\u00ed nebo sp\u00ed\u0161e obecn\u011bj\u0161\u00ed? To v\u0161e a mnohem v\u00edc se dozv\u00edte v na\u0161em dal\u0161\u00edm rozhovoru, tentokr\u00e1t s v\u017edy pozitivn\u011b nalad\u011bn\u00fdm kolegou Petrem Hru\u0161kou.<\/strong><\/em><\/p>\n<p>Ahoj Pet\u0159e,<\/p>\n<p>p\u0159edn\u011b d\u00edky, \u017ee sis ud\u011blal na rozhovor \u010das.<\/p>\n<p>&nbsp;<\/p>\n<p><strong>Pracuje\u0161 na region\u00e1ln\u00edm p\u0159edpov\u011bdn\u00edm pracovi\u0161ti v Brn\u011b, m\u016f\u017ee\u0161 n\u00e1m pros\u00edm p\u0159ibl\u00ed\u017eit, co m\u00e1 RPP p\u0159esn\u011b na starosti a kolik takov\u00fdch pracovi\u0161\u0165 v \u010cesk\u00e9 republice je?<\/strong><\/p>\n<p>RPP (region\u00e1ln\u00ed p\u0159edpov\u011bdn\u00ed pracovi\u0161t\u011b) m\u00e1 na starosti p\u0159edpov\u011b\u010f po\u010das\u00ed pro region, konkr\u00e9tn\u011b na\u0161e pobo\u010dka v Brn\u011b pro kraje Jihomoravsk\u00fd, Vyso\u010dina a Zl\u00ednsk\u00fd. V \u010cR je 6 RPP (Plze\u0148, \u00dast\u00ed nad Labem, \u010cesk\u00e9 Bud\u011bjovice, Hradec Kr\u00e1lov\u00e9, Brno, Ostrava) a i v Praze je region\u00e1ln\u00ed slu\u017eba v r\u00e1mci CPP (<em>centr\u00e1ln\u00ed p\u0159edpov\u011bdn\u00ed pracovi\u0161t\u011b, pozn. redakce<\/em>). P\u0159ipravujeme v\u0161eobecn\u00e9 p\u0159edpov\u011bdi po\u010das\u00ed pro ve\u0159ejnost, do region\u00e1ln\u00edch m\u00e9di\u00ed, r\u016fzn\u00e9 speci\u00e1ln\u00ed p\u0159edpov\u011bdi na z\u00e1klad\u011b po\u017eadavk\u016f z\u00e1kazn\u00edk\u016f (silnice a d\u00e1lnice, \u017eeleznice, tepl\u00e1rna v Brn\u011b, energetika), \u0159e\u0161\u00edme dotazy od zem\u011bd\u011blc\u016f, stavebn\u00edk\u016f, organiz\u00e1tor\u016f venkovn\u00edch akc\u00ed, p\u0159edpov\u011bdi pro oh\u0148ostroje Ignis Brunensis atd.<\/p>\n<p>&nbsp;<\/p>\n<p><strong>M\u016f\u017ee\u0161 n\u00e1m stru\u010dn\u011b popsat sv\u016fj b\u011b\u017en\u00fd pracovn\u00ed den?<\/strong><\/p>\n<p>Nejd\u0159\u00edve r\u00e1no konzultace s meteorologem, kter\u00fd kon\u010d\u00ed no\u010dn\u00ed slu\u017ebu, pak se \u010dlov\u011bk postupn\u011b uvede do situace, za\u010dne prohl\u00ed\u017eet v\u00fdstupy numerick\u00fdch model\u016f, r\u016fzn\u00e9 mapky, grafy, tabulky. Materi\u00e1lu je opravdu hodn\u011b, n\u011bkdy a\u017e p\u0159\u00edli\u0161. Ka\u017ed\u00fd u\u017e m\u00e1 sv\u00e9 obl\u00edben\u00e9 mapy, na kter\u00e9 se d\u00edv\u00e1 p\u0159ednostn\u011b. Postupn\u011b z t\u011bchto informac\u00ed za\u010dne vytv\u00e1\u0159et v\u0161echny r\u016fzn\u00e9 p\u0159edpov\u011bdi. Dopoledne je konzultace s CPP. Do toho vstupy do \u010cesk\u00e9ho rozhlasu (Brno, Vyso\u010dina, Zl\u00edn), celkem 8 vstup\u016f za den, b\u011bhem no\u010dn\u00ed 3 r\u00e1no. Zvon\u00ed telefony (nejv\u00edc kdy\u017e pr\u0161\u00ed), je pot\u0159eba odpov\u00eddat na maily, na dotazy novin\u00e1\u0159\u016f.<\/p>\n<p>&nbsp;<\/p>\n<p><strong>P\u0159edpov\u011b\u010f po\u010das\u00ed st\u00e1le v\u00edce a v\u00edce vyu\u017e\u00edv\u00e1 numerick\u00fdch model\u016f a <\/strong><strong>v\u00fdpo\u010detn\u00ed techniky obecn\u011b. Jak moc je je\u0161t\u011b pot\u0159eba \u201elidsk\u00fd\u201c vstup? <\/strong><strong>Mohl by d\u011blat p\u0159edpov\u011b\u010f n\u011bkdo, kdo meteorologii jako takov\u00e9 nerozum\u00ed, <\/strong><strong>ale dok\u00e1\u017ee ovl\u00e1dat software napojen\u00fd na modely? A pokud ne, hraje <\/strong><strong>v\u011bt\u0161\u00ed roli zku\u0161enost a znalost regionu \u010di lep\u0161\u00ed teoretick\u00e9 znalosti <\/strong><strong>meteorologie jako takov\u00e9?<\/strong><\/p>\n<p>Lidsk\u00fd vstup je pot\u0159eba je\u0161t\u011b dost. V podstat\u011b znep\u0159es\u0148ujeme p\u0159edpov\u011bdi model\u016f, proto\u017ee modely rozhodn\u011b je\u0161t\u011b nejsou na takov\u00e9 \u00farovni, \u017ee by se daly pou\u017e\u00edt jejich surov\u00e9 v\u00fdstupy. Model odpoledne v 16:30 p\u0159edpov\u00edd\u00e1 p\u0159eh\u00e1\u0148ku v Brn\u011b-\u017dabov\u0159esk\u00e1ch, p\u0159i kter\u00e9 napr\u0161\u00ed 3,7 mm sr\u00e1\u017eek, obla\u010dnost bude pokr\u00fdvat 7\/8 oblohy, teplota bude 21,4 \u00b0C a v\u00edtr povane severoz\u00e1padn\u00ed o rychlosti 2,6 m\/s. My z toho vytvo\u0159\u00edme \u201cp\u0159ev\u00e1\u017en\u011b obla\u010dno, k ve\u010deru mo\u017enost p\u0159eh\u00e1\u0148ky\u201d, proto\u017ee v\u00edme, \u017ee r\u016fzn\u00e9 modely p\u0159edpov\u00eddaj\u00ed pr\u016fb\u011bh po\u010das\u00ed r\u016fzn\u011b, a proto mus\u00edme do p\u0159edpov\u011bdi vn\u00e9st ur\u010ditou m\u00edru neur\u010ditosti.<\/p>\n<p>V podstat\u011b cel\u00e1 p\u0159edpov\u011b\u010f po\u010das\u00ed je hra s pravd\u011bpodobnost\u00ed, kterou vyjad\u0159ujeme pomoc\u00ed slov \u201cojedin\u011ble\u201d, \u201cm\u00edsty\u201d a tak d\u00e1le. To je v podstat\u011b i to, o \u010dem se nejv\u00edc debatuje na konzultac\u00edch. Proto i dotazy, jak bude v Brn\u011b v 16:00, nemaj\u00ed jasnou odpov\u011b\u010f. D\u00e1 se jen \u0159\u00edct, \u017ee je tu ur\u010dit\u00e1 pravd\u011bpodobnost p\u0159eh\u00e1\u0148ky (mal\u00e1, st\u0159edn\u00ed, velk\u00e1&#8230;). Samoz\u0159ejm\u011b ka\u017ed\u00e1 situace je jinak p\u0159edpov\u011bditeln\u00e1. Modely, a hlavn\u011b pak r\u016fzn\u00e9 aplikace, kter\u00e9 z nich p\u0159eb\u00edraj\u00ed data, se tv\u00e1\u0159\u00ed, jak p\u0159esn\u011b v ka\u017ed\u00e9m bod\u011b um\u00ed p\u0159edpov\u00eddat po\u010das\u00ed, ale je to jenom iluze. Proto i doporu\u010duji je pou\u017e\u00edvat s rezervou, jen jako orienta\u010dn\u00ed \u00fadaj a rad\u011bji \u010d\u00edst na\u0161e krajsk\u00e9 obecn\u011bj\u0161\u00ed p\u0159edpov\u011bdi (l\u00e9pe se p\u0159edpov\u00eddat je\u0161t\u011b bohu\u017eel ned\u00e1, jen vyj\u00e1d\u0159it bu\u010f slovn\u011b, nebo \u010d\u00edseln\u011b pravd\u011bpodobnost). Kdo chce d\u011blat p\u0159edpov\u011b\u010f po\u010das\u00ed, mus\u00ed meteorologii rozum\u011bt. D\u00e1le pak je d\u016fle\u017eit\u00e1 zku\u0161enost v r\u00e1mci regionu. Sledujeme po\u010das\u00ed v regionu nep\u0159etr\u017eit\u011b a tak se \u010dlov\u011bk postupn\u011b nau\u010d\u00ed, jak se dan\u00fd region v r\u016fzn\u00fdch meteorologick\u00fdch situac\u00edch chov\u00e1.<\/p>\n<p>&nbsp;<\/p>\n<div class=\"su-quote su-quote-style-default\"><div class=\"su-quote-inner su-u-clearfix su-u-trim\">V\u00edme, \u017ee r\u016fzn\u00e9 modely p\u0159edpov\u00eddaj\u00ed pr\u016fb\u011bh po\u010das\u00ed r\u016fzn\u011b, a proto mus\u00edme do p\u0159edpov\u011bdi vn\u00e9st ur\u010ditou m\u00edru neur\u010ditosti.<\/div><\/div>\n<p>&nbsp;<\/p>\n<p><strong>Li\u0161\u00ed se n\u011bjak Tv\u00e1 denn\u00ed agenda, pokud je vyhl\u00e1\u0161en\u00e1 v\u00fdstraha? Li\u0161\u00ed se <\/strong><strong>n\u011bjak pracovn\u00ed z\u00e1t\u011b\u017e v z\u00e1vislosti na typu v\u00fdstrahy (bou\u0159ka, v\u00edtr, <\/strong><strong>smogov\u00e1 situace apod.)?<\/strong><\/p>\n<p>Kdy\u017e je vydan\u00e1 v\u00fdstraha, tak je celkov\u011b v\u00edce dotaz\u016f, v\u00edce vstup\u016f do m\u00e9di\u00ed, v\u00edce komunikace s novin\u00e1\u0159i. A rozhodn\u011b z\u00e1vis\u00ed i na typu v\u00fdstrahy. Ka\u017ed\u00fd jev zp\u016fsobuje jin\u00e9 dotazy, jak\u00e9 probl\u00e9my m\u016f\u017ee dan\u00fd jev zp\u016fsobit, jestli byly p\u0159ekro\u010den\u00e9 teplotn\u00ed rekordy a tak d\u00e1le. Kdy\u017e jde o dynamick\u00fd jev (nap\u0159. bou\u0159ky), tak je v\u00edce stresu, meteorolog se mus\u00ed rozhodovat, jestli up\u0159esnit v\u00fdstrahu, zv\u00fd\u0161it\/sn\u00ed\u017eit stupe\u0148 nebezpe\u010d\u00ed a rozhodov\u00e1n\u00ed je to n\u011bkdy opravdu t\u011b\u017ek\u00e9.<\/p>\n<p>&nbsp;<\/p>\n<p><strong>Spolupracuje RPP n\u011bjak\u00fdm zp\u016fsobem s jin\u00fdmi odd\u011blen\u00edmi \u010cHM\u00da? Jak <\/strong><strong>prob\u00edh\u00e1 komunikace nap\u0159\u00ed\u010d RPP a CPP v \u010cR?<\/strong><\/p>\n<p>Samoz\u0159ejm\u011b spolupr\u00e1ce meteoprogn\u00f3zy s hydroprogn\u00f3zou (ta je sou\u010d\u00e1st\u00ed RPP), d\u00e1le kvalitou ovzdu\u0161\u00ed, klimatologi\u00ed. Z\u00e1vis\u00ed od situace. Komunikace s CPP a RPP je hlavn\u011b telefonick\u00e1, m\u00e1me 2 pravideln\u00e9 konzultace denn\u011b (dopoledne a ve\u010der) a d\u00e1le pak v\u017edy, kdy\u017e se n\u011bco d\u011bje (nebezpe\u010dn\u00e9 po\u010das\u00ed).<\/p>\n<p>Sna\u017e\u00edme se p\u0159im\u011bt CPP, aby do celost\u00e1tn\u00ed p\u0159edpov\u011bdi zakomponovali region\u00e1ln\u00ed odli\u0161nosti, \u010dasto m\u00e1me r\u016fzn\u00e9 n\u00e1zory na v\u00fdstrahu a podobn\u011b. N\u011bkdy se konzultuje dost dlouho a ani tak se neshodneme.<\/p>\n<p>&nbsp;<\/p>\n<p><strong>Pracuje\u0161 na pobo\u010dce v Brn\u011b, proto si dovol\u00edm jeden region\u00e1ln\u00ed <\/strong><strong>dotaz. \u010casto sl\u00fdch\u00e1v\u00e1m (a n\u011bkdy mi to tak samotn\u00e9mu p\u0159ijde), \u017ee se <\/strong><strong>sr\u00e1\u017eky p\u0159ed Brnem v\u017edy v\u00fdrazn\u011b zmen\u0161\u00ed \u010di \u00fapln\u011b p\u0159estanou a v Brn\u011b pr\u0161\u00ed <\/strong><strong>v\u00fdrazn\u011b m\u00e9n\u011b ne\u017e v okoln\u00edch oblastech, s v\u00fdjimkou situace, kdy panuje <\/strong><strong>ji\u017en\u00ed proud\u011bn\u00ed. P\u0159itom dle \u010dist\u00e9 teorie by m\u011blo nad m\u011bsty pr\u0161et sp\u00ed\u0161e <\/strong><strong>v\u00edce. M\u016f\u017ee\u0161 to potvrdit nebo je to jen dojem b\u011bhem del\u0161\u00edch such\u00fdch <\/strong><strong>period?<\/strong><\/p>\n<p>Je to dan\u00e9 hlavn\u011b orografi\u00ed &#8211; kolem Brna jsou kopce t\u00e9m\u011b\u0159 ze v\u0161ech stran krom\u011b jihu, tak\u017ee mohou zp\u016fsobovat v\u011bt\u0161\u00ed \u010di men\u0161\u00ed sr\u00e1\u017ekov\u00fd st\u00edn. Zase z\u00e1vis\u00ed od situace, v\u017edy je to jinak. Nejv\u00fdhodn\u011bj\u0161\u00ed, co se t\u00fd\u010de sr\u00e1\u017eek, jsou pr\u00e1v\u011b ji\u017en\u00ed sm\u011bry. M\u011bsto m\u016f\u017ee podporovat tvorbu kupovit\u00e9 obla\u010dnosti a vznik lok\u00e1ln\u00edch p\u0159eh\u00e1n\u011bk a bou\u0159ek, ale \u010dasto se stane, \u017ee nad m\u011bstem za\u010dne mrak vznikat, ale pr\u0161et z n\u011bho bude a\u017e za m\u011bstem. Ale nen\u00ed to tak, \u017ee v Brn\u011b v\u017edy pr\u0161\u00ed m\u00e9n\u011b ne\u017e v okoln\u00edch oblastech. To by pak v celkov\u00fdch \u00fahrnech za rok byla v\u017edy v Brn\u011b d\u00edra a to se ned\u011bje.<\/p>\n<p>&nbsp;<\/p>\n<div class=\"su-quote su-quote-style-default\"><div class=\"su-quote-inner su-u-clearfix su-u-trim\">Modely, a hlavn\u011b pak r\u016fzn\u00e9 aplikace, kter\u00e9 z nich p\u0159eb\u00edraj\u00ed data, se tv\u00e1\u0159\u00ed, jak p\u0159esn\u011b v ka\u017ed\u00e9m bod\u011b um\u00ed p\u0159edpov\u00eddat po\u010das\u00ed, ale je to jenom iluze. Proto i doporu\u010duji je pou\u017e\u00edvat s rezervou, jen jako orienta\u010dn\u00ed \u00fadaj a rad\u011bji \u010d\u00edst na\u0161e krajsk\u00e9 obecn\u011bj\u0161\u00ed p\u0159edpov\u011bdi.<\/div><\/div>\n<p>&nbsp;<\/p>\n<p><strong>Jak dlouho u\u017e pracuje\u0161 jako meteorolog na RPP Brno? Bav\u00ed T\u011b pr\u00e1ce?<\/strong><\/p>\n<p>U\u017e je to v\u00edc ne\u017e 10 let. Pr\u00e1ce m\u011b bav\u00ed, v\u017edy jsem cht\u011bl p\u0159edpov\u00eddat po\u010das\u00ed. Nejv\u00edc m\u011b zaj\u00edmaj\u00ed bou\u0159ky a celkov\u011b po\u010das\u00ed, kter\u00e9 je \u017eiv\u00e9 a prom\u011bnliv\u00e9, tedy kdy\u017e se n\u011bco d\u011bje.<\/p>\n<p>&nbsp;<\/p>\n<p><strong>Pokud srovn\u00e1\u0161 sv\u00e9 postupy tvorby p\u0159edpov\u011bdi dnes a na za\u010d\u00e1tku sv\u00e9ho <\/strong><strong>p\u016fsoben\u00ed na \u010cHM\u00da, vn\u00edm\u00e1\u0161 n\u011bjak\u00e9 v\u00fdrazn\u011bj\u0161\u00ed rozd\u00edly a\u0165 u\u017e odli\u0161n\u00e9 <\/strong><strong>technologick\u00e9 postupy \u010di zku\u0161enost apod.?<\/strong><\/p>\n<p>A\u017e tak v\u00fdrazn\u00e9 rozd\u00edly nejsou. Zlep\u0161uje se technika, m\u00edrn\u011b se zlep\u0161uj\u00ed meteorologick\u00e9 modely. St\u0159\u00eddaj\u00ed se z\u00e1kazn\u00edci, samoz\u0159ejm\u011b jsem nabyl hodn\u011b zku\u0161enost\u00ed z regionu, ale jinak je pr\u00e1ce st\u00e1le podobn\u00e1. Star\u0161\u00ed kolegov\u00e9 vid\u00ed ur\u010dit\u011b v\u00edce zm\u011bn oproti dob\u011b, kdy za\u010d\u00ednali.<\/p>\n<p>&nbsp;<\/p>\n<p><strong>P\u0159edstavme si hypotetickou situaci, \u017ee je mi 15 let a sn\u00edm o pr\u00e1ci <\/strong><strong>meteorologa. Jak\u00e1 \u0161kola je pro toto povol\u00e1n\u00ed vhodn\u00e1 a bude se hodit, <\/strong><strong>kdy\u017e mi p\u016fjde ve \u0161kole fyzika, matematika, zem\u011bpis \u010di n\u011bco \u00fapln\u011b <\/strong><strong>jin\u00e9ho?<\/strong><\/p>\n<p>J\u00e1 bych doporu\u010dil m\u016fj vystudovan\u00fd obor &#8211; fyzika a pak p\u0159\u00edmo meteorologie. Na mat-fyzu je pot\u0159eba matematika. A informatika &#8211; programov\u00e1n\u00ed se bude st\u00e1le v\u00edc hodit. Zem\u011bpis (fyzick\u00e1 geografie) je tak\u00e9 hodn\u011b d\u016fle\u017eit\u00e1. A taky angli\u010dtina, hodn\u011b dokumentace a v\u00fdzkumu je v angli\u010dtin\u011b.<\/p>\n<p>&nbsp;<\/p>\n<div class=\"su-row\"><div class=\"su-column su-column-size-1-2\"><div class=\"su-column-inner su-u-clearfix su-u-trim\">\n<p>&nbsp;<\/p>\n<p><strong>Byla meteorologie Tv\u00fdm d\u011btsk\u00fdm snem? Kdy ses rozhodl pro tuto <\/strong><strong>pr\u00e1ci a pro\u010d?<\/strong><\/p>\n<p>Ano, byl to m\u016fj d\u011btsk\u00fd sen. Fascinovaly m\u011b bou\u0159ky. Jako d\u00edt\u011b jsem sed\u00e1val doma na st\u0159e\u0161e gar\u00e1\u017ee a pozoroval jsem oblohu. Taky jsem si pr\u016fb\u011bh po\u010das\u00ed zapisoval. U\u017e tehdy jsem v\u011bd\u011bl, \u017ee se chci st\u00e1t meteorologem. A tak jsem se j\u00edm stal \ud83d\ude42<\/p>\n<p>&nbsp;<\/p>\n<p><strong>Pet\u0159e d\u00edky moc za rozhovor a a\u0165 se Ti da\u0159\u00ed!<\/strong><\/p>\n<p>&nbsp;<\/p>\n<\/div><\/div>\n<div class=\"su-column su-column-size-1-2\"><div class=\"su-column-inner su-u-clearfix su-u-trim\">\n<p>&nbsp;<\/p>\n<div class=\"su-box su-box-style-soft\" id=\"\" style=\"border-color:#590000;border-radius:9px\"><div class=\"su-box-title\" style=\"background-color:#8c0000;color:#fff;border-top-left-radius:7px;border-top-right-radius:7px\">Mgr. Peter Hru\u0161ka<\/div><div class=\"su-box-content su-u-clearfix su-u-trim\" style=\"border-bottom-left-radius:7px;border-bottom-right-radius:7px\">Na \u010cHM\u00da pracuje od dubna 2010. Vystudoval obor Meteorologie a klimatologie na fakult\u011b matematiky, fyziky a informatiky na Univerzit\u011b Komensk\u00e9ho v Bratislav\u011b. Ve voln\u00e9m \u010dase m\u00e1 r\u00e1d p\u0159\u00edrodu, turistiku a cestov\u00e1n\u00ed.<\/div><\/div>\n<\/div><\/div><\/div>\n<p>&nbsp;<\/p>\n","protected":false},"excerpt":{"rendered":"<p>Jak funguje p\u0159edpov\u011bdn\u00ed pracovi\u0161t\u011b na \u010cHM\u00da? Co je n\u00e1pln\u00ed \u010dlov\u011bka pracuj\u00edc\u00edho na p\u0159edpov\u011bdn\u00edm odd\u011blen\u00ed? Jak se m\u011bn\u00ed tvorba p\u0159edpov\u011bd\u00ed v \u010dase \u010di co mus\u00edm ud\u011blat, abych mohl pracovat na takov\u00e9mto odd\u011blen\u00ed. Jak p\u0159esn\u00e9 jsou modely, jakou roli dnes hraje lidsk\u00fd faktor a je lep\u0161\u00ed \u0159\u00eddit se p\u0159edpov\u011bd\u00ed velmi lok\u00e1ln\u00ed nebo sp\u00ed\u0161e obecn\u011bj\u0161\u00ed? To v\u0161e a [&hellip;]<\/p>\n","protected":false},"author":1,"featured_media":4753,"comment_status":"open","ping_status":"open","sticky":false,"template":"","format":"standard","meta":{"jetpack_post_was_ever_published":false,"_jetpack_newsletter_access":"","_jetpack_dont_email_post_to_subs":false,"_jetpack_newsletter_tier_id":0,"_jetpack_memberships_contains_paywalled_content":false,"_jetpack_memberships_contains_paid_content":false,"footnotes":"","jetpack_publicize_message":"","jetpack_publicize_feature_enabled":true,"jetpack_social_post_already_shared":true,"jetpack_social_options":{"image_generator_settings":{"template":"highway","enabled":false},"version":2}},"categories":[99,103],"tags":[191],"coauthors":[19],"class_list":["post-3892","post","type-post","status-publish","format-standard","has-post-thumbnail","hentry","category-predpoved","category-rozhovor","tag-predpovedi","entry","has-media"],"jetpack_publicize_connections":[],"jetpack_sharing_enabled":true,"jetpack_featured_media_url":"https:\/\/www.enviblog.cz\/blog\/wp-content\/uploads\/2021\/03\/hruskaP.jpg","jetpack_shortlink":"https:\/\/wp.me\/pa1A1I-10M","_links":{"self":[{"href":"https:\/\/www.enviblog.cz\/blog\/wp-json\/wp\/v2\/posts\/3892","targetHints":{"allow":["GET"]}}],"collection":[{"href":"https:\/\/www.enviblog.cz\/blog\/wp-json\/wp\/v2\/posts"}],"about":[{"href":"https:\/\/www.enviblog.cz\/blog\/wp-json\/wp\/v2\/types\/post"}],"author":[{"embeddable":true,"href":"https:\/\/www.enviblog.cz\/blog\/wp-json\/wp\/v2\/users\/1"}],"replies":[{"embeddable":true,"href":"https:\/\/www.enviblog.cz\/blog\/wp-json\/wp\/v2\/comments?post=3892"}],"version-history":[{"count":4,"href":"https:\/\/www.enviblog.cz\/blog\/wp-json\/wp\/v2\/posts\/3892\/revisions"}],"predecessor-version":[{"id":6741,"href":"https:\/\/www.enviblog.cz\/blog\/wp-json\/wp\/v2\/posts\/3892\/revisions\/6741"}],"wp:featuredmedia":[{"embeddable":true,"href":"https:\/\/www.enviblog.cz\/blog\/wp-json\/wp\/v2\/media\/4753"}],"wp:attachment":[{"href":"https:\/\/www.enviblog.cz\/blog\/wp-json\/wp\/v2\/media?parent=3892"}],"wp:term":[{"taxonomy":"category","embeddable":true,"href":"https:\/\/www.enviblog.cz\/blog\/wp-json\/wp\/v2\/categories?post=3892"},{"taxonomy":"post_tag","embeddable":true,"href":"https:\/\/www.enviblog.cz\/blog\/wp-json\/wp\/v2\/tags?post=3892"},{"taxonomy":"author","embeddable":true,"href":"https:\/\/www.enviblog.cz\/blog\/wp-json\/wp\/v2\/coauthors?post=3892"}],"curies":[{"name":"wp","href":"https:\/\/api.w.org\/{rel}","templated":true}]}}