{"id":3417,"date":"2020-03-29T11:29:42","date_gmt":"2020-03-29T09:29:42","guid":{"rendered":"https:\/\/www.enviblog.cz\/blog\/?p=3417"},"modified":"2020-03-29T12:17:24","modified_gmt":"2020-03-29T10:17:24","slug":"emise-co2-a-ostatnich-sklenikovych-plynu","status":"publish","type":"post","link":"https:\/\/www.enviblog.cz\/blog\/2020\/03\/29\/emise-co2-a-ostatnich-sklenikovych-plynu\/","title":{"rendered":"Emise CO<sub>2<\/sub> a ostatn\u00edch sklen\u00edkov\u00fdch plyn\u016f"},"content":{"rendered":"<p><em><strong>Kolik vyprodukuj\u00ed jednotliv\u00e9 zem\u011b CO<sub>2<\/sub> a dal\u0161\u00edch sklen\u00edkov\u00fdch plyn\u016f? Jak se tento pod\u00edl m\u011bnil v historii? Kdo produkuje nejv\u00edc a kdo vyprodukoval nejv\u00edce v historii? Jak vypad\u00e1 situace p\u0159i zv\u00e1\u017een\u00ed importu a exportu? Jak vypad\u00e1 situace p\u0159i srovn\u00e1n\u00ed s hrub\u00fdm dom\u00e1c\u00edm produktem? Jak se budou emise vyv\u00edjet podle model\u016f v budoucnu? To v\u0161e zjist\u00edte na na\u0161\u00ed nov\u00e9 str\u00e1nce s komplexn\u00ed anal\u00fdzou emis\u00ed sklen\u00edkov\u00fdch plyn\u016f &#8211; text je dopln\u011bn \u0159adou interaktivn\u00edch graf\u016f, map s \u010dasovou osou a mnoho dal\u0161\u00edho, v budoucnu budeme tyto \u00fadaje d\u00e1le roz\u0161i\u0159ovat a aktualizovat.<\/strong><\/em><\/p>\n<p>&nbsp;<\/p>\n<p><a href=\"https:\/\/chmibrno.org\/blog\/emise-co2-a-dalsich-sklenikovych-plynu\/\" rel=\"noopener\">Uka\u017e str\u00e1nku<\/a><\/p>\n<p>&nbsp;<\/p>\n<p>Kapitoly:<\/p>\n<p>1. Glob\u00e1ln\u00ed teplota vzduchu<br \/>\n2. CO<sub>2<\/sub> koncentrace<br \/>\n3. CO<sub>2<\/sub> emise podle regionu<br \/>\n4. Emise CO<sub>2<\/sub> na obyvatele<br \/>\n5. Emise CO<sub>2<\/sub> podle zem\u00ed (absolutn\u00ed hodnoty)<br \/>\n6. Pod\u00edl zem\u00ed na celkov\u00fdch CO<sub>2<\/sub> emis\u00edch<br \/>\n7.\u00a0Kumulativn\u00ed emise CO<sub>2<\/sub> podle zem\u00ed<br \/>\n8.\u00a0Vliv importu a exportu<br \/>\n9.\u00a0Emise CO<sub>2<\/sub> podle paliva<br \/>\n10. CO<sub>2<\/sub> emise podle sektoru<br \/>\n11.\u00a0Emise CO<sub>2<\/sub> na osobu ku hrub\u00e9mu dom\u00e1c\u00edmu produktu (GDP) na osobu<br \/>\n12.\u00a0Ostatn\u00ed sklen\u00edkov\u00e9 plyny<br \/>\n13.\u00a0Budouc\u00ed v\u00fdvoj<br \/>\n14. Zdroje dat<\/p>\n<p>&nbsp;<\/p>\n<p>Odkaz na str\u00e1nku jsme tak\u00e9 p\u0159idali do sekce Meteorologie a klimatologie v menu naho\u0159e.<\/p>\n<p>&nbsp;<\/p>\n<p>&nbsp;<\/p>\n","protected":false},"excerpt":{"rendered":"<p>Kolik vyprodukuj\u00ed jednotliv\u00e9 zem\u011b CO2 a dal\u0161\u00edch sklen\u00edkov\u00fdch plyn\u016f? Jak se tento pod\u00edl m\u011bnil v historii? Kdo produkuje nejv\u00edc a kdo vyprodukoval nejv\u00edce v historii? Jak vypad\u00e1 situace p\u0159i zv\u00e1\u017een\u00ed importu a exportu? Jak vypad\u00e1 situace p\u0159i srovn\u00e1n\u00ed s hrub\u00fdm dom\u00e1c\u00edm produktem? Jak se budou emise vyv\u00edjet podle model\u016f v budoucnu? To v\u0161e zjist\u00edte na [&hellip;]<\/p>\n","protected":false},"author":1,"featured_media":3335,"comment_status":"open","ping_status":"open","sticky":false,"template":"","format":"standard","meta":{"jetpack_post_was_ever_published":false,"_jetpack_newsletter_access":"","_jetpack_dont_email_post_to_subs":false,"_jetpack_newsletter_tier_id":0,"_jetpack_memberships_contains_paywalled_content":false,"_jetpack_memberships_contains_paid_content":false,"footnotes":"","jetpack_publicize_message":"","jetpack_publicize_feature_enabled":true,"jetpack_social_post_already_shared":true,"jetpack_social_options":{"image_generator_settings":{"template":"highway","enabled":false},"version":2}},"categories":[3],"tags":[91,96],"coauthors":[19],"class_list":["post-3417","post","type-post","status-publish","format-standard","has-post-thumbnail","hentry","category-pocasi","tag-co2","tag-svet","entry","has-media"],"jetpack_publicize_connections":[],"jetpack_sharing_enabled":true,"jetpack_featured_media_url":"https:\/\/www.enviblog.cz\/blog\/wp-content\/uploads\/2020\/03\/co2-4767440_1920.jpg","jetpack_shortlink":"https:\/\/wp.me\/pa1A1I-T7","_links":{"self":[{"href":"https:\/\/www.enviblog.cz\/blog\/wp-json\/wp\/v2\/posts\/3417","targetHints":{"allow":["GET"]}}],"collection":[{"href":"https:\/\/www.enviblog.cz\/blog\/wp-json\/wp\/v2\/posts"}],"about":[{"href":"https:\/\/www.enviblog.cz\/blog\/wp-json\/wp\/v2\/types\/post"}],"author":[{"embeddable":true,"href":"https:\/\/www.enviblog.cz\/blog\/wp-json\/wp\/v2\/users\/1"}],"replies":[{"embeddable":true,"href":"https:\/\/www.enviblog.cz\/blog\/wp-json\/wp\/v2\/comments?post=3417"}],"version-history":[{"count":6,"href":"https:\/\/www.enviblog.cz\/blog\/wp-json\/wp\/v2\/posts\/3417\/revisions"}],"predecessor-version":[{"id":3424,"href":"https:\/\/www.enviblog.cz\/blog\/wp-json\/wp\/v2\/posts\/3417\/revisions\/3424"}],"wp:featuredmedia":[{"embeddable":true,"href":"https:\/\/www.enviblog.cz\/blog\/wp-json\/wp\/v2\/media\/3335"}],"wp:attachment":[{"href":"https:\/\/www.enviblog.cz\/blog\/wp-json\/wp\/v2\/media?parent=3417"}],"wp:term":[{"taxonomy":"category","embeddable":true,"href":"https:\/\/www.enviblog.cz\/blog\/wp-json\/wp\/v2\/categories?post=3417"},{"taxonomy":"post_tag","embeddable":true,"href":"https:\/\/www.enviblog.cz\/blog\/wp-json\/wp\/v2\/tags?post=3417"},{"taxonomy":"author","embeddable":true,"href":"https:\/\/www.enviblog.cz\/blog\/wp-json\/wp\/v2\/coauthors?post=3417"}],"curies":[{"name":"wp","href":"https:\/\/api.w.org\/{rel}","templated":true}]}}