{"id":2895,"date":"2019-12-23T10:29:02","date_gmt":"2019-12-23T09:29:02","guid":{"rendered":"https:\/\/www.enviblog.cz\/blog\/?p=2895"},"modified":"2019-12-23T10:30:45","modified_gmt":"2019-12-23T09:30:45","slug":"prednasky-o-kvalite-ovzdusi-prezentace-a-videa","status":"publish","type":"post","link":"https:\/\/www.enviblog.cz\/blog\/2019\/12\/23\/prednasky-o-kvalite-ovzdusi-prezentace-a-videa\/","title":{"rendered":"P\u0159edn\u00e1\u0161ky o kvalit\u011b ovzdu\u0161\u00ed &#8211; prezentace a videa"},"content":{"rendered":"<p><em><strong>V druh\u00e9 polovin\u011b listopadu se v hlavn\u00edm s\u00e1le brn\u011bnsk\u00e9ho planet\u00e1ria uskute\u010dnil unik\u00e1tn\u00ed cyklus p\u0159edn\u00e1\u0161ek zam\u011b\u0159en\u00fdch na kvalitu ovzdu\u0161\u00ed pro ve\u0159ejnost. Celkem na akci zazn\u011blo 18 p\u0159edn\u00e1\u0161ek od 7 p\u0159edn\u00e1\u0161ej\u00edc\u00edch z 6 r\u016fzn\u00fdch odborn\u00fdch organizac\u00ed. Sv\u00fdm rozsahem a zam\u011b\u0159en\u00edm se jednalo o v\u00fdjime\u010dnou akci, proto\u017ee byla zam\u011b\u0159ena na \u0161irokou ve\u0159ejnost a obsahovala informace jak obecn\u00e9, tak praktick\u00e9ho charakteru a p\u0159edch\u00e1zelo j\u00ed tak\u0159ka 6 m\u011bs\u00edc\u016f pl\u00e1nov\u00e1n\u00ed. Cel\u00e1 akce byla z\u00e1rove\u0148 nahr\u00e1v\u00e1na na video a vy m\u00e1te nyn\u00ed mo\u017enost se kdykoliv na kteroukoliv p\u0159edn\u00e1\u0161ku pod\u00edvat znovu na webu cel\u00e9 akce nebo si ji zde st\u00e1hnout v PDF form\u00e1tu.<\/strong><\/em><\/p>\n<p>V pr\u016fb\u011bhu t\u0159\u00ed ve\u010der\u016f bylo p\u0159edneseno celkem 18 p\u0159edn\u00e1\u0161ek od 7 p\u0159edn\u00e1\u0161ej\u00edc\u00edch. \u010cist\u00fd \u010das p\u0159edn\u00e1\u0161ek byl 372 minut a vy si nyn\u00ed m\u016f\u017eete v klidu kteroukoliv p\u0159edn\u00e1\u0161ku p\u0159ehr\u00e1t zvl\u00e1\u0161\u0165 \u010di pustit cel\u00fd ve\u010der. Z\u00e1rove\u0148 jsou na str\u00e1nk\u00e1ch k dispozici v\u0161echny p\u0159edn\u00e1\u0161ky v PDF form\u00e1tu, tak jak byly p\u0159edstaveny na samotn\u00e9 akci a na vide\u00edch. N\u011bkter\u00e9 \u010d\u00e1sti byly zam\u011b\u0159eny na kvalitu ovzdu\u0161\u00ed obecn\u011b, n\u011bkter\u00e9 na praktick\u00e9 uk\u00e1zky m\u011b\u0159en\u00ed a projekt\u016f, nechyb\u011bly ani aktuality o stavu ovzdu\u0161\u00ed v posledn\u00edm roce v Brn\u011b, Jihomoravsk\u00e9m kraji, \u010cesk\u00e9 republice i Evrop\u011b.<\/p>\n<p>Pokud jste tedy nem\u011bli mo\u017enost se z\u00fa\u010dastnit, ale dan\u00e9 t\u00e9ma v\u00e1s zaj\u00edm\u00e1 nebo si jen chcete ur\u010ditou \u010d\u00e1st pustit znovu, m\u00e1te nyn\u00ed mo\u017enost u\u010dinit tak na internetov\u00fdch str\u00e1nk\u00e1ch cel\u00e9 akce:<\/p>\n<p><span style=\"font-size: 18pt;\"><a href=\"https:\/\/www.ovzdusi.cz\/hvezdarna\/\" target=\"_blank\" rel=\"noopener\">https:\/\/www.ovzdusi.cz\/hvezdarna<\/a><\/span><\/p>\n<figure id=\"attachment_2896\" aria-describedby=\"caption-attachment-2896\" style=\"width: 1024px\" class=\"wp-caption aligncenter\"><a href=\"https:\/\/chmibrno.org\/blog\/wp-content\/uploads\/2019\/12\/hvezd1.png\"><img fetchpriority=\"high\" decoding=\"async\" class=\"wp-image-2896 size-large\" src=\"https:\/\/chmibrno.org\/blog\/wp-content\/uploads\/2019\/12\/hvezd1-1024x562.png\" alt=\"\" width=\"1024\" height=\"562\" srcset=\"https:\/\/www.enviblog.cz\/blog\/wp-content\/uploads\/2019\/12\/hvezd1-1024x562.png 1024w, https:\/\/www.enviblog.cz\/blog\/wp-content\/uploads\/2019\/12\/hvezd1-300x165.png 300w, https:\/\/www.enviblog.cz\/blog\/wp-content\/uploads\/2019\/12\/hvezd1-768x422.png 768w, https:\/\/www.enviblog.cz\/blog\/wp-content\/uploads\/2019\/12\/hvezd1.png 1193w\" sizes=\"(max-width: 1024px) 100vw, 1024px\" \/><\/a><figcaption id=\"caption-attachment-2896\" class=\"wp-caption-text\"><em>V\u0161echny p\u0159edn\u00e1\u0161ky nahran\u00e9 ve Full HD kvalit\u011b se slajdy na webu ovzdusi.cz\/hvezdarna<\/em><\/figcaption><\/figure>\n<p>&nbsp;<\/p>\n<figure id=\"attachment_2897\" aria-describedby=\"caption-attachment-2897\" style=\"width: 962px\" class=\"wp-caption aligncenter\"><a href=\"https:\/\/chmibrno.org\/blog\/wp-content\/uploads\/2019\/12\/hvezd2.png\"><img decoding=\"async\" class=\"wp-image-2897 size-large\" src=\"https:\/\/chmibrno.org\/blog\/wp-content\/uploads\/2019\/12\/hvezd2-962x1024.png\" alt=\"\" width=\"962\" height=\"1024\" srcset=\"https:\/\/www.enviblog.cz\/blog\/wp-content\/uploads\/2019\/12\/hvezd2-962x1024.png 962w, https:\/\/www.enviblog.cz\/blog\/wp-content\/uploads\/2019\/12\/hvezd2-282x300.png 282w, https:\/\/www.enviblog.cz\/blog\/wp-content\/uploads\/2019\/12\/hvezd2-768x817.png 768w, https:\/\/www.enviblog.cz\/blog\/wp-content\/uploads\/2019\/12\/hvezd2.png 1030w\" sizes=\"(max-width: 962px) 100vw, 962px\" \/><\/a><figcaption id=\"caption-attachment-2897\" class=\"wp-caption-text\"><em>V\u0161echny p\u0159edn\u00e1\u0161ky v PDF form\u00e1tu na webu ovzdusi.cz\/hvezdarna<\/em><\/figcaption><\/figure>\n<p>&nbsp;<\/p>\n<p>V\u011b\u0159\u00edme, \u017ee se V\u00e1m p\u0159edn\u00e1\u0161ky l\u00edbily a uv\u00edt\u00e1me jak\u00e9koliv koment\u00e1\u0159e bu\u010f tady u p\u0159\u00edsp\u011bvku, nebo na Facebooku na\u00a0<a href=\"https:\/\/www.facebook.com\/ovzdusi\/\" target=\"_blank\" rel=\"noopener\">https:\/\/www.facebook.com\/ovzdusi\/<\/a>.<\/p>\n<p>Z\u00e1rove\u0148 bych cht\u011bl pod\u011bkovat v\u0161em z\u00fa\u010dastn\u011bn\u00fdm, ale tak\u00e9 \u00fa\u010dinkuj\u00edc\u00edm, jmenovit\u011b Martinu Van\u011b\u010dkovi a Radku Kronovetovi ze Statut\u00e1rn\u00edho m\u011bsta Brna, Tom\u00e1\u0161i Hel\u00e1novi z Krajsk\u00e9ho \u00fa\u0159adu Jihomoravsk\u00e9ho kraje, Romanu Proke\u0161ovi a Ond\u0159eji Mike\u0161ovi z RECETOX MUNI, Jakubu Buckovi z Bucek s. r. o. a Romanu Li\u010dbinsk\u00e9mu z Centra dopravn\u00edho v\u00fdzkumu. D\u00edk pat\u0159\u00ed tak\u00e9 \u0159editeli a pracovn\u00edk\u016fm Hv\u011bzd\u00e1rny a planet\u00e1ria Brno, jmenovit\u011b p\u0159edev\u0161\u00edm \u0159editeli, panu Ji\u0159\u00edmu Du\u0161kovi a panu Romanu Pon\u010dovi za technickou podporu.<\/p>\n","protected":false},"excerpt":{"rendered":"<p>V druh\u00e9 polovin\u011b listopadu se v hlavn\u00edm s\u00e1le brn\u011bnsk\u00e9ho planet\u00e1ria uskute\u010dnil unik\u00e1tn\u00ed cyklus p\u0159edn\u00e1\u0161ek zam\u011b\u0159en\u00fdch na kvalitu ovzdu\u0161\u00ed pro ve\u0159ejnost. Celkem na akci zazn\u011blo 18 p\u0159edn\u00e1\u0161ek od 7 p\u0159edn\u00e1\u0161ej\u00edc\u00edch z 6 r\u016fzn\u00fdch odborn\u00fdch organizac\u00ed. Sv\u00fdm rozsahem a zam\u011b\u0159en\u00edm se jednalo o v\u00fdjime\u010dnou akci, proto\u017ee byla zam\u011b\u0159ena na \u0161irokou ve\u0159ejnost a obsahovala informace jak obecn\u00e9, tak [&hellip;]<\/p>\n","protected":false},"author":1,"featured_media":2899,"comment_status":"open","ping_status":"open","sticky":false,"template":"","format":"standard","meta":{"jetpack_post_was_ever_published":false,"_jetpack_newsletter_access":"","_jetpack_dont_email_post_to_subs":false,"_jetpack_newsletter_tier_id":0,"_jetpack_memberships_contains_paywalled_content":false,"_jetpack_memberships_contains_paid_content":false,"footnotes":"","jetpack_publicize_message":"","jetpack_publicize_feature_enabled":true,"jetpack_social_post_already_shared":true,"jetpack_social_options":{"image_generator_settings":{"template":"highway","enabled":false},"version":2}},"categories":[5],"tags":[151],"coauthors":[19],"class_list":["post-2895","post","type-post","status-publish","format-standard","has-post-thumbnail","hentry","category-ovzdusi","tag-prednaska","entry","has-media"],"jetpack_publicize_connections":[],"jetpack_sharing_enabled":true,"jetpack_featured_media_url":"https:\/\/www.enviblog.cz\/blog\/wp-content\/uploads\/2019\/12\/letakLandscapeVideo-1.jpg","jetpack_shortlink":"https:\/\/wp.me\/pa1A1I-KH","_links":{"self":[{"href":"https:\/\/www.enviblog.cz\/blog\/wp-json\/wp\/v2\/posts\/2895","targetHints":{"allow":["GET"]}}],"collection":[{"href":"https:\/\/www.enviblog.cz\/blog\/wp-json\/wp\/v2\/posts"}],"about":[{"href":"https:\/\/www.enviblog.cz\/blog\/wp-json\/wp\/v2\/types\/post"}],"author":[{"embeddable":true,"href":"https:\/\/www.enviblog.cz\/blog\/wp-json\/wp\/v2\/users\/1"}],"replies":[{"embeddable":true,"href":"https:\/\/www.enviblog.cz\/blog\/wp-json\/wp\/v2\/comments?post=2895"}],"version-history":[{"count":3,"href":"https:\/\/www.enviblog.cz\/blog\/wp-json\/wp\/v2\/posts\/2895\/revisions"}],"predecessor-version":[{"id":2902,"href":"https:\/\/www.enviblog.cz\/blog\/wp-json\/wp\/v2\/posts\/2895\/revisions\/2902"}],"wp:featuredmedia":[{"embeddable":true,"href":"https:\/\/www.enviblog.cz\/blog\/wp-json\/wp\/v2\/media\/2899"}],"wp:attachment":[{"href":"https:\/\/www.enviblog.cz\/blog\/wp-json\/wp\/v2\/media?parent=2895"}],"wp:term":[{"taxonomy":"category","embeddable":true,"href":"https:\/\/www.enviblog.cz\/blog\/wp-json\/wp\/v2\/categories?post=2895"},{"taxonomy":"post_tag","embeddable":true,"href":"https:\/\/www.enviblog.cz\/blog\/wp-json\/wp\/v2\/tags?post=2895"},{"taxonomy":"author","embeddable":true,"href":"https:\/\/www.enviblog.cz\/blog\/wp-json\/wp\/v2\/coauthors?post=2895"}],"curies":[{"name":"wp","href":"https:\/\/api.w.org\/{rel}","templated":true}]}}