{"id":287,"date":"2018-06-28T10:00:48","date_gmt":"2018-06-28T08:00:48","guid":{"rendered":"https:\/\/www.enviblog.cz\/blog\/?p=287"},"modified":"2018-10-06T10:42:09","modified_gmt":"2018-10-06T08:42:09","slug":"doporucujeme-ke-cteni","status":"publish","type":"post","link":"https:\/\/www.enviblog.cz\/blog\/2018\/06\/28\/doporucujeme-ke-cteni\/","title":{"rendered":"Doporu\u010dujeme ke \u010dten\u00ed"},"content":{"rendered":"<p><span style=\"font-family: tahoma,arial,helvetica,sans-serif\">Akademie v\u011bd <span style=\"font-size: 12pt\">\u010cesk\u00e9<\/span> republiky vyd\u00e1v\u00e1 \u010dtvrtletn\u00edk A\/v\u011bda a v\u00fdzkum (\u010dasopis o projektech pracovi\u0161\u0165 AV \u010cR a o v\u011bdeck\u00fdch novink\u00e1ch). V \u010d\u00edsle 2\/17 lze naj\u00edt \u010dl\u00e1nek\u00a0k aktu\u00e1ln\u00ed\u00a0problematice sucha. S t\u00edmto t\u00e9matem souvis\u00ed i \u010dl\u00e1nek \u017div\u00e1 a mrtv\u00e1 p\u016fda v \u010d\u00edsle 2\/18 a do oboru meteorologie spad\u00e1 \u010dl\u00e1nek \u010cek\u00e1n\u00ed na bou\u0159ku z t\u00e9ho\u017e \u010d\u00edsla. <\/span><\/p>\n<p><a href=\"http:\/\/www.avcr.cz\/cs\/pro-verejnost\/casopisy\/\">http:\/\/www.avcr.cz\/cs\/pro-verejnost\/casopisy\/<\/a><\/p>\n<p>&nbsp;<\/p>\n<p>&nbsp;<\/p>\n","protected":false},"excerpt":{"rendered":"<p>Akademie v\u011bd \u010cesk\u00e9 republiky vyd\u00e1v\u00e1 \u010dtvrtletn\u00edk A\/v\u011bda a v\u00fdzkum (\u010dasopis o projektech pracovi\u0161\u0165 AV \u010cR a o v\u011bdeck\u00fdch novink\u00e1ch). V \u010d\u00edsle 2\/17 lze naj\u00edt \u010dl\u00e1nek\u00a0k aktu\u00e1ln\u00ed\u00a0problematice sucha. S t\u00edmto t\u00e9matem souvis\u00ed i \u010dl\u00e1nek \u017div\u00e1 a mrtv\u00e1 p\u016fda v \u010d\u00edsle 2\/18 a do oboru meteorologie spad\u00e1 \u010dl\u00e1nek \u010cek\u00e1n\u00ed na bou\u0159ku z t\u00e9ho\u017e \u010d\u00edsla. http:\/\/www.avcr.cz\/cs\/pro-verejnost\/casopisy\/ &nbsp; &nbsp;<\/p>\n","protected":false},"author":6,"featured_media":290,"comment_status":"open","ping_status":"open","sticky":false,"template":"","format":"standard","meta":{"jetpack_post_was_ever_published":false,"_jetpack_newsletter_access":"","_jetpack_dont_email_post_to_subs":false,"_jetpack_newsletter_tier_id":0,"_jetpack_memberships_contains_paywalled_content":false,"_jetpack_memberships_contains_paid_content":false,"footnotes":"","jetpack_publicize_message":"","jetpack_publicize_feature_enabled":true,"jetpack_social_post_already_shared":true,"jetpack_social_options":{"image_generator_settings":{"template":"highway","enabled":false},"version":2}},"categories":[3],"tags":[75],"coauthors":[21],"class_list":["post-287","post","type-post","status-publish","format-standard","has-post-thumbnail","hentry","category-pocasi","tag-tipy","entry","has-media"],"jetpack_publicize_connections":[],"jetpack_sharing_enabled":true,"jetpack_featured_media_url":"https:\/\/www.enviblog.cz\/blog\/wp-content\/uploads\/2018\/06\/foto.jpg","jetpack_shortlink":"https:\/\/wp.me\/pa1A1I-4D","_links":{"self":[{"href":"https:\/\/www.enviblog.cz\/blog\/wp-json\/wp\/v2\/posts\/287","targetHints":{"allow":["GET"]}}],"collection":[{"href":"https:\/\/www.enviblog.cz\/blog\/wp-json\/wp\/v2\/posts"}],"about":[{"href":"https:\/\/www.enviblog.cz\/blog\/wp-json\/wp\/v2\/types\/post"}],"author":[{"embeddable":true,"href":"https:\/\/www.enviblog.cz\/blog\/wp-json\/wp\/v2\/users\/6"}],"replies":[{"embeddable":true,"href":"https:\/\/www.enviblog.cz\/blog\/wp-json\/wp\/v2\/comments?post=287"}],"version-history":[{"count":19,"href":"https:\/\/www.enviblog.cz\/blog\/wp-json\/wp\/v2\/posts\/287\/revisions"}],"predecessor-version":[{"id":380,"href":"https:\/\/www.enviblog.cz\/blog\/wp-json\/wp\/v2\/posts\/287\/revisions\/380"}],"wp:featuredmedia":[{"embeddable":true,"href":"https:\/\/www.enviblog.cz\/blog\/wp-json\/wp\/v2\/media\/290"}],"wp:attachment":[{"href":"https:\/\/www.enviblog.cz\/blog\/wp-json\/wp\/v2\/media?parent=287"}],"wp:term":[{"taxonomy":"category","embeddable":true,"href":"https:\/\/www.enviblog.cz\/blog\/wp-json\/wp\/v2\/categories?post=287"},{"taxonomy":"post_tag","embeddable":true,"href":"https:\/\/www.enviblog.cz\/blog\/wp-json\/wp\/v2\/tags?post=287"},{"taxonomy":"author","embeddable":true,"href":"https:\/\/www.enviblog.cz\/blog\/wp-json\/wp\/v2\/coauthors?post=287"}],"curies":[{"name":"wp","href":"https:\/\/api.w.org\/{rel}","templated":true}]}}