{"id":2625,"date":"2019-08-12T19:04:48","date_gmt":"2019-08-12T17:04:48","guid":{"rendered":"https:\/\/www.enviblog.cz\/blog\/?p=2625"},"modified":"2019-08-13T07:07:35","modified_gmt":"2019-08-13T05:07:35","slug":"mereni-kvality-ovzdusi-na-namesti-svobody","status":"publish","type":"post","link":"https:\/\/www.enviblog.cz\/blog\/2019\/08\/12\/mereni-kvality-ovzdusi-na-namesti-svobody\/","title":{"rendered":"M\u011b\u0159en\u00ed kvality ovzdu\u0161\u00ed na n\u00e1m\u011bst\u00ed Svobody"},"content":{"rendered":"<p><em><strong>V pond\u011bl\u00ed 12. 8. 2019 byl v dopoledn\u00edch hodin\u00e1ch p\u0159istaven p\u0159\u00edmo na hlavn\u00ed brn\u011bnsk\u00e9 n\u00e1m\u011bst\u00ed &#8211; n\u00e1m\u011bst\u00ed Svobody &#8211; m\u011b\u0159\u00edc\u00ed v\u016fz magistr\u00e1tu m\u011bsta Brna, kter\u00fd zde bude v\u00edce ne\u017e dva t\u00fddny monitorovat zdej\u0161\u00ed kvalitu ovzdu\u0161\u00ed.<\/strong><\/em><\/p>\n<p>Kolem 10 h dopoledn\u00ed, v pond\u011bl\u00ed 12. srpna 2019, byl na n\u00e1m\u011bst\u00ed Svobody, v bl\u00edzkosti zn\u00e1m\u00e9ho brn\u011bnsk\u00e9ho &#8222;orloje&#8220; p\u0159istaven m\u011b\u0159\u00edc\u00ed v\u016fz magistr\u00e1tu m\u011bsta Brna. Ten zde bude do 30. srpna monitorovat koncentrace prachov\u00fdch \u010d\u00e1stic n\u011bkolika frakc\u00ed (mj. PM<sub>10<\/sub>, PM<sub>2,5<\/sub> a PM<sub>1<\/sub>), oxidy dus\u00edku (NO<sub>2<\/sub> a NO), oxid si\u0159i\u010dit\u00fd (SO<sub>2<\/sub>) a oxid uhelnat\u00fd (CO). Krom\u011b toho budou monitorov\u00e1ny i meteorologick\u00e9 podm\u00ednky, kter\u00e9 jsou \u010dasto pro kvalitu ovzdu\u0161\u00ed kl\u00ed\u010dov\u00e9. M\u011b\u0159en\u00ed vych\u00e1z\u00ed jak z podn\u011bt\u016f ve\u0159ejnosti tak ze zv\u011bdavosti, jak to s koncentracemi vypad\u00e1 v samotn\u00e9m srdci Brna.<\/p>\n<figure id=\"attachment_2626\" aria-describedby=\"caption-attachment-2626\" style=\"width: 1024px\" class=\"wp-caption aligncenter\"><a href=\"https:\/\/chmibrno.org\/blog\/wp-content\/uploads\/2019\/08\/20190812_100335.jpg\"><img fetchpriority=\"high\" decoding=\"async\" class=\"wp-image-2626 size-large\" src=\"https:\/\/chmibrno.org\/blog\/wp-content\/uploads\/2019\/08\/20190812_100335-1024x768.jpg\" alt=\"\" width=\"1024\" height=\"768\" srcset=\"https:\/\/www.enviblog.cz\/blog\/wp-content\/uploads\/2019\/08\/20190812_100335-1024x768.jpg 1024w, https:\/\/www.enviblog.cz\/blog\/wp-content\/uploads\/2019\/08\/20190812_100335-300x225.jpg 300w, https:\/\/www.enviblog.cz\/blog\/wp-content\/uploads\/2019\/08\/20190812_100335-768x576.jpg 768w\" sizes=\"(max-width: 1024px) 100vw, 1024px\" \/><\/a><figcaption id=\"caption-attachment-2626\" class=\"wp-caption-text\"><em>Technici instaluj\u00ed m\u011b\u0159\u00edc\u00ed v\u016fz na n\u00e1m\u011bst\u00ed Svobody vedle orloje. Foto: J\u00e1chym Brzezina<\/em><\/figcaption><\/figure>\n<p>V\u00fdsledky budou n\u00e1sledn\u011b vyhodnoceny na na\u0161em brn\u011bnsk\u00e9m odd\u011blen\u00ed kvality ovzdu\u0161\u00ed \u010cHM\u00da a budou ve\u0159ejn\u011b dostupn\u00e9 na webov\u00fdch str\u00e1nk\u00e1ch magistr\u00e1tu a na na\u0161em blogu.<\/p>\n<p>M\u011b\u0159en\u00ed v t\u00e9to lokalit\u011b je novinkou a sami jsme zv\u011bdav\u00ed, jak se zde projev\u00ed uzav\u0159enost m\u00edstn\u00ed lokality (v\u0161ude kolem jsou domy), z\u00e1rove\u0148 ale men\u0161\u00ed provoz v t\u00e9to dopravn\u011b velmi regulovan\u00e9 oblasti. Projevit se m\u016f\u017eou nap\u0159\u00edklad ale tak\u00e9 m\u00edstn\u00ed st\u00e1nky s ob\u010derstven\u00edm.<\/p>\n<p>U instalace vozu byla krom\u011b z\u00e1stupc\u016f magistr\u00e1tu m\u011bsta Brna a \u010cHM\u00da tak\u00e9 \u010cesk\u00e1 televize, report\u00e1\u017e z instalace m\u016f\u017eete zhl\u00e9dnout na n\u00e1sleduj\u00edc\u00edch odkazech.<\/p>\n<p>&nbsp;<\/p>\n<p><a href=\"https:\/\/www.ceskatelevize.cz\/ivysilani\/1096902795-studio-6\/219411010110812-studio-6-ii\/obsah\/712885-mereni-kvality-ovzdusi-v-brne\" target=\"_blank\" rel=\"noopener\">Studio 6 \u010cT 24 \u017div\u011b<\/a>\u00a0&#8211; report\u00e1\u017e z instalace vozu a dal\u0161\u00ed informace o m\u011b\u0159en\u00ed<\/p>\n<p><a href=\"https:\/\/www.ceskatelevize.cz\/ivysilani\/10122427178-udalosti-v-regionech-brno\/319281381990812-udalosti-v-regionech\" target=\"_blank\" rel=\"noopener\">Jihomoravsk\u00fd ve\u010dern\u00edk \u010cT 1<\/a>\u00a0&#8211; report\u00e1\u017e o vzorkov\u00e1n\u00ed z pobo\u010dky Brno<\/p>\n<p>&nbsp;<\/p>\n<figure id=\"attachment_2629\" aria-describedby=\"caption-attachment-2629\" style=\"width: 1024px\" class=\"wp-caption aligncenter\"><a href=\"https:\/\/chmibrno.org\/blog\/wp-content\/uploads\/2019\/08\/20190812_102945.jpg\"><img decoding=\"async\" class=\"wp-image-2629 size-large\" src=\"https:\/\/chmibrno.org\/blog\/wp-content\/uploads\/2019\/08\/20190812_102945-1024x768.jpg\" alt=\"\" width=\"1024\" height=\"768\" srcset=\"https:\/\/www.enviblog.cz\/blog\/wp-content\/uploads\/2019\/08\/20190812_102945-1024x768.jpg 1024w, https:\/\/www.enviblog.cz\/blog\/wp-content\/uploads\/2019\/08\/20190812_102945-300x225.jpg 300w, https:\/\/www.enviblog.cz\/blog\/wp-content\/uploads\/2019\/08\/20190812_102945-768x576.jpg 768w\" sizes=\"(max-width: 1024px) 100vw, 1024px\" \/><\/a><figcaption id=\"caption-attachment-2629\" class=\"wp-caption-text\"><em>Co by \u010dlov\u011bk pro report\u00e1\u017e neud\u011blal &#8211; aneb improvizovan\u00e9 studio \u010cT na st\u0159e\u0161e m\u011b\u0159\u00edc\u00edho vozu.<\/em><\/figcaption><\/figure>\n","protected":false},"excerpt":{"rendered":"<p>V pond\u011bl\u00ed 12. 8. 2019 byl v dopoledn\u00edch hodin\u00e1ch p\u0159istaven p\u0159\u00edmo na hlavn\u00ed brn\u011bnsk\u00e9 n\u00e1m\u011bst\u00ed &#8211; n\u00e1m\u011bst\u00ed Svobody &#8211; m\u011b\u0159\u00edc\u00ed v\u016fz magistr\u00e1tu m\u011bsta Brna, kter\u00fd zde bude v\u00edce ne\u017e dva t\u00fddny monitorovat zdej\u0161\u00ed kvalitu ovzdu\u0161\u00ed. Kolem 10 h dopoledn\u00ed, v pond\u011bl\u00ed 12. srpna 2019, byl na n\u00e1m\u011bst\u00ed Svobody, v bl\u00edzkosti zn\u00e1m\u00e9ho brn\u011bnsk\u00e9ho &#8222;orloje&#8220; p\u0159istaven m\u011b\u0159\u00edc\u00ed [&hellip;]<\/p>\n","protected":false},"author":1,"featured_media":2627,"comment_status":"open","ping_status":"open","sticky":false,"template":"","format":"standard","meta":{"jetpack_post_was_ever_published":false,"_jetpack_newsletter_access":"","_jetpack_dont_email_post_to_subs":false,"_jetpack_newsletter_tier_id":0,"_jetpack_memberships_contains_paywalled_content":false,"_jetpack_memberships_contains_paid_content":false,"footnotes":"","jetpack_publicize_message":"","jetpack_publicize_feature_enabled":true,"jetpack_social_post_already_shared":true,"jetpack_social_options":{"image_generator_settings":{"template":"highway","enabled":false},"version":2}},"categories":[5],"tags":[69,143,50],"coauthors":[19],"class_list":["post-2625","post","type-post","status-publish","format-standard","has-post-thumbnail","hentry","category-ovzdusi","tag-brno","tag-kampan","tag-mereni","entry","has-media"],"jetpack_publicize_connections":[],"jetpack_sharing_enabled":true,"jetpack_featured_media_url":"https:\/\/www.enviblog.cz\/blog\/wp-content\/uploads\/2019\/08\/20190812_100343.jpg","jetpack_shortlink":"https:\/\/wp.me\/pa1A1I-Gl","_links":{"self":[{"href":"https:\/\/www.enviblog.cz\/blog\/wp-json\/wp\/v2\/posts\/2625","targetHints":{"allow":["GET"]}}],"collection":[{"href":"https:\/\/www.enviblog.cz\/blog\/wp-json\/wp\/v2\/posts"}],"about":[{"href":"https:\/\/www.enviblog.cz\/blog\/wp-json\/wp\/v2\/types\/post"}],"author":[{"embeddable":true,"href":"https:\/\/www.enviblog.cz\/blog\/wp-json\/wp\/v2\/users\/1"}],"replies":[{"embeddable":true,"href":"https:\/\/www.enviblog.cz\/blog\/wp-json\/wp\/v2\/comments?post=2625"}],"version-history":[{"count":5,"href":"https:\/\/www.enviblog.cz\/blog\/wp-json\/wp\/v2\/posts\/2625\/revisions"}],"predecessor-version":[{"id":2636,"href":"https:\/\/www.enviblog.cz\/blog\/wp-json\/wp\/v2\/posts\/2625\/revisions\/2636"}],"wp:featuredmedia":[{"embeddable":true,"href":"https:\/\/www.enviblog.cz\/blog\/wp-json\/wp\/v2\/media\/2627"}],"wp:attachment":[{"href":"https:\/\/www.enviblog.cz\/blog\/wp-json\/wp\/v2\/media?parent=2625"}],"wp:term":[{"taxonomy":"category","embeddable":true,"href":"https:\/\/www.enviblog.cz\/blog\/wp-json\/wp\/v2\/categories?post=2625"},{"taxonomy":"post_tag","embeddable":true,"href":"https:\/\/www.enviblog.cz\/blog\/wp-json\/wp\/v2\/tags?post=2625"},{"taxonomy":"author","embeddable":true,"href":"https:\/\/www.enviblog.cz\/blog\/wp-json\/wp\/v2\/coauthors?post=2625"}],"curies":[{"name":"wp","href":"https:\/\/api.w.org\/{rel}","templated":true}]}}