{"id":2600,"date":"2019-08-12T12:30:51","date_gmt":"2019-08-12T10:30:51","guid":{"rendered":"https:\/\/www.enviblog.cz\/blog\/?p=2600"},"modified":"2019-08-12T19:07:20","modified_gmt":"2019-08-12T17:07:20","slug":"nova-poloha-pramene-oslavy","status":"publish","type":"post","link":"https:\/\/www.enviblog.cz\/blog\/2019\/08\/12\/nova-poloha-pramene-oslavy\/","title":{"rendered":"Nov\u00e1 poloha pramene Oslavy"},"content":{"rendered":"<p style=\"text-align: justify;\">S\u00a0nov\u00fdmi informacemi digit\u00e1ln\u00edho modelu reli\u00e9fu p\u0159ich\u00e1z\u00ed i nov\u00e9 poznatky v\u00a0hydrologii. V\u00a0ned\u00e1vn\u00e9 dob\u011b bylo pracovn\u00edky \u010cHM\u00da Brno zji\u0161t\u011bno, \u017ee pramen v\u00fdznamn\u00e9 vodohospod\u00e1\u0159sk\u00e9 \u0159eky Oslavy by mohl pramenit v\u00a0jin\u00e9 \u010d\u00e1sti povod\u00ed, ne\u017e se doposud p\u0159edpokl\u00e1dalo.<\/p>\n<p style=\"text-align: justify;\">V\u00a0dosavadn\u00edch mapov\u00fdch podkladech je jako pramenn\u00fd \u00fasek Oslavy ozna\u010den tok, kter\u00fd \u00fast\u00ed do Mat\u011bjovsk\u00e9ho rybn\u00edka. P\u0159esn\u011bj\u0161\u00ed\u00a0digit\u00e1ln\u00ed model ter\u00e9nu uk\u00e1zal, \u017ee by Oslava mohla pramenit v\u00a0jin\u00e9 \u010d\u00e1sti t\u011bchto les\u016f, a to na\u00a0zdrojnici rybn\u00edku Velk\u00fd Bab\u00edn.<\/p>\n<p style=\"text-align: justify;\">Teoretickou my\u0161lenku potvrdilo ter\u00e9nn\u00ed m\u011b\u0159en\u00ed, kter\u00e9 bylo provedeno pracovn\u00edky \u010cHM\u00da Brno a Povod\u00ed Moravy 29. 7. 2019. Na\u00a0m\u00edst\u011b se hledalo m\u00edsto v\u00fdv\u011bru nejvodn\u011bj\u0161\u00ed zdrojnice. P\u016fvodn\u011b teoretick\u00e1 my\u0161lenka se v\u00a0ter\u00e9nu uk\u00e1zala jako pravdiv\u00e1 a byla odsouhlasena ob\u011bma institucemi. Jde tedy o v\u00fdznamnou zm\u011bnu veden\u00ed p\u00e1te\u0159n\u00edho toku Oslavy. Pramen Oslavy tedy bude nov\u011b ozna\u010den na vodote\u010di, kter\u00e1 prot\u00e9k\u00e1 rybn\u00edkem Velk\u00fd Bab\u00edn, co\u017e je vzdu\u0161nou \u010darou asi 2 km od\u00a0dosavadn\u00ed polohy pramene.<\/p>\n<p>Prvn\u00ed obr\u00e1zek zobrazuje lokalizaci dosavadn\u00edho a nov\u00e9ho pramene na map\u011b (okres \u017d\u010f\u00e1r nad S\u00e1zavou, PP Bohdalovsko).<\/p>\n<figure id=\"attachment_2621\" aria-describedby=\"caption-attachment-2621\" style=\"width: 503px\" class=\"wp-caption aligncenter\"><img fetchpriority=\"high\" decoding=\"async\" class=\"wp-image-2621 \" src=\"https:\/\/chmibrno.org\/blog\/wp-content\/uploads\/2019\/08\/pramen_oslava1.png\" alt=\"\" width=\"503\" height=\"492\" srcset=\"https:\/\/www.enviblog.cz\/blog\/wp-content\/uploads\/2019\/08\/pramen_oslava1.png 1218w, https:\/\/www.enviblog.cz\/blog\/wp-content\/uploads\/2019\/08\/pramen_oslava1-300x294.png 300w, https:\/\/www.enviblog.cz\/blog\/wp-content\/uploads\/2019\/08\/pramen_oslava1-768x752.png 768w, https:\/\/www.enviblog.cz\/blog\/wp-content\/uploads\/2019\/08\/pramen_oslava1-1024x1002.png 1024w\" sizes=\"(max-width: 503px) 100vw, 503px\" \/><figcaption id=\"caption-attachment-2621\" class=\"wp-caption-text\">Obr. 1 Lokalizace dosavadn\u00edho a nov\u00e9ho pramene Oslavy v CHKO \u017d\u010f\u00e1rsk\u00e9 vrchy<\/figcaption><\/figure>\n<p>Na prvn\u00ed fotografii je vid\u011bt nov\u011b odsouhlasen\u00fd pramen Oslavy, na druh\u00e9 ra\u0161elini\u0161t\u011b u rybn\u00edka Velk\u00fd Bab\u00edn.<\/p>\n<figure id=\"attachment_2601\" aria-describedby=\"caption-attachment-2601\" style=\"width: 229px\" class=\"wp-caption aligncenter\"><img decoding=\"async\" class=\"wp-image-2601 \" src=\"https:\/\/chmibrno.org\/blog\/wp-content\/uploads\/2019\/08\/DSC_2831-e1565597549169.jpg\" alt=\"\" width=\"229\" height=\"407\" srcset=\"https:\/\/www.enviblog.cz\/blog\/wp-content\/uploads\/2019\/08\/DSC_2831-e1565597549169.jpg 2160w, https:\/\/www.enviblog.cz\/blog\/wp-content\/uploads\/2019\/08\/DSC_2831-e1565597549169-169x300.jpg 169w, https:\/\/www.enviblog.cz\/blog\/wp-content\/uploads\/2019\/08\/DSC_2831-e1565597549169-768x1365.jpg 768w, https:\/\/www.enviblog.cz\/blog\/wp-content\/uploads\/2019\/08\/DSC_2831-e1565597549169-576x1024.jpg 576w\" sizes=\"(max-width: 229px) 100vw, 229px\" \/><figcaption id=\"caption-attachment-2601\" class=\"wp-caption-text\">Obr. 2 Nov\u011b odsouhlasen\u00fd pramen Oslavy (foto Pavel Coufal 29. 7. 2019)<\/figcaption><\/figure>\n<p>&nbsp;<\/p>\n<figure id=\"attachment_2602\" aria-describedby=\"caption-attachment-2602\" style=\"width: 580px\" class=\"wp-caption aligncenter\"><img decoding=\"async\" class=\"wp-image-2602 \" src=\"https:\/\/chmibrno.org\/blog\/wp-content\/uploads\/2019\/08\/DSC_2816.jpg\" alt=\"\" width=\"580\" height=\"326\" srcset=\"https:\/\/www.enviblog.cz\/blog\/wp-content\/uploads\/2019\/08\/DSC_2816.jpg 3840w, https:\/\/www.enviblog.cz\/blog\/wp-content\/uploads\/2019\/08\/DSC_2816-300x169.jpg 300w, https:\/\/www.enviblog.cz\/blog\/wp-content\/uploads\/2019\/08\/DSC_2816-768x432.jpg 768w, https:\/\/www.enviblog.cz\/blog\/wp-content\/uploads\/2019\/08\/DSC_2816-1024x576.jpg 1024w, https:\/\/www.enviblog.cz\/blog\/wp-content\/uploads\/2019\/08\/DSC_2816-240x135.jpg 240w\" sizes=\"(max-width: 580px) 100vw, 580px\" \/><figcaption id=\"caption-attachment-2602\" class=\"wp-caption-text\">Obr. 3 Ra\u0161elini\u0161t\u011b u rybn\u00edka Velk\u00fd Bab\u00edn (foto Pavel Coufal 29. 7. 2019)<\/figcaption><\/figure>\n","protected":false},"excerpt":{"rendered":"<p>S\u00a0nov\u00fdmi informacemi digit\u00e1ln\u00edho modelu reli\u00e9fu p\u0159ich\u00e1z\u00ed i nov\u00e9 poznatky v\u00a0hydrologii. V\u00a0ned\u00e1vn\u00e9 dob\u011b bylo pracovn\u00edky \u010cHM\u00da Brno zji\u0161t\u011bno, \u017ee pramen v\u00fdznamn\u00e9 vodohospod\u00e1\u0159sk\u00e9 \u0159eky Oslavy by mohl pramenit v\u00a0jin\u00e9 \u010d\u00e1sti povod\u00ed, ne\u017e se doposud p\u0159edpokl\u00e1dalo. V\u00a0dosavadn\u00edch mapov\u00fdch podkladech je jako pramenn\u00fd \u00fasek Oslavy ozna\u010den tok, kter\u00fd \u00fast\u00ed do Mat\u011bjovsk\u00e9ho rybn\u00edka. P\u0159esn\u011bj\u0161\u00ed\u00a0digit\u00e1ln\u00ed model ter\u00e9nu uk\u00e1zal, \u017ee by Oslava [&hellip;]<\/p>\n","protected":false},"author":13,"featured_media":2602,"comment_status":"open","ping_status":"open","sticky":false,"template":"","format":"standard","meta":{"jetpack_post_was_ever_published":false,"_jetpack_newsletter_access":"","_jetpack_dont_email_post_to_subs":false,"_jetpack_newsletter_tier_id":0,"_jetpack_memberships_contains_paywalled_content":false,"_jetpack_memberships_contains_paid_content":false,"footnotes":"","jetpack_publicize_message":"","jetpack_publicize_feature_enabled":true,"jetpack_social_post_already_shared":true,"jetpack_social_options":{"image_generator_settings":{"template":"highway","enabled":false},"version":2}},"categories":[4],"tags":[141,142,140],"coauthors":[127,32,134],"class_list":["post-2600","post","type-post","status-publish","format-standard","has-post-thumbnail","hentry","category-voda","tag-hydrologie","tag-oslava","tag-pramen","entry","has-media"],"jetpack_publicize_connections":[],"jetpack_sharing_enabled":true,"jetpack_featured_media_url":"https:\/\/www.enviblog.cz\/blog\/wp-content\/uploads\/2019\/08\/DSC_2816.jpg","jetpack_shortlink":"https:\/\/wp.me\/pa1A1I-FW","_links":{"self":[{"href":"https:\/\/www.enviblog.cz\/blog\/wp-json\/wp\/v2\/posts\/2600","targetHints":{"allow":["GET"]}}],"collection":[{"href":"https:\/\/www.enviblog.cz\/blog\/wp-json\/wp\/v2\/posts"}],"about":[{"href":"https:\/\/www.enviblog.cz\/blog\/wp-json\/wp\/v2\/types\/post"}],"author":[{"embeddable":true,"href":"https:\/\/www.enviblog.cz\/blog\/wp-json\/wp\/v2\/users\/13"}],"replies":[{"embeddable":true,"href":"https:\/\/www.enviblog.cz\/blog\/wp-json\/wp\/v2\/comments?post=2600"}],"version-history":[{"count":9,"href":"https:\/\/www.enviblog.cz\/blog\/wp-json\/wp\/v2\/posts\/2600\/revisions"}],"predecessor-version":[{"id":2633,"href":"https:\/\/www.enviblog.cz\/blog\/wp-json\/wp\/v2\/posts\/2600\/revisions\/2633"}],"wp:featuredmedia":[{"embeddable":true,"href":"https:\/\/www.enviblog.cz\/blog\/wp-json\/wp\/v2\/media\/2602"}],"wp:attachment":[{"href":"https:\/\/www.enviblog.cz\/blog\/wp-json\/wp\/v2\/media?parent=2600"}],"wp:term":[{"taxonomy":"category","embeddable":true,"href":"https:\/\/www.enviblog.cz\/blog\/wp-json\/wp\/v2\/categories?post=2600"},{"taxonomy":"post_tag","embeddable":true,"href":"https:\/\/www.enviblog.cz\/blog\/wp-json\/wp\/v2\/tags?post=2600"},{"taxonomy":"author","embeddable":true,"href":"https:\/\/www.enviblog.cz\/blog\/wp-json\/wp\/v2\/coauthors?post=2600"}],"curies":[{"name":"wp","href":"https:\/\/api.w.org\/{rel}","templated":true}]}}