{"id":2540,"date":"2019-06-27T06:14:36","date_gmt":"2019-06-27T04:14:36","guid":{"rendered":"https:\/\/www.enviblog.cz\/blog\/?p=2540"},"modified":"2019-06-27T06:25:22","modified_gmt":"2019-06-27T04:25:22","slug":"prizemni-ozon-teorie-a-hodnoty-z-26-cervna-2019","status":"publish","type":"post","link":"https:\/\/www.enviblog.cz\/blog\/2019\/06\/27\/prizemni-ozon-teorie-a-hodnoty-z-26-cervna-2019\/","title":{"rendered":"P\u0159\u00edzemn\u00ed ozon &#8211; teorie a hodnoty z 26. \u010dervna 2019"},"content":{"rendered":"<p><strong><em>V\u00a0t\u011bchto dnech s\u00a0a\u017e extr\u00e9mn\u011b vysok\u00fdmi teplotami a velmi malou \u010di \u017e\u00e1dnou obla\u010dnost\u00ed je t\u0159eba krom\u011b samotn\u00e9ho horka p\u0159ipomenout tak\u00e9 vysok\u00e9 koncentrace p\u0159\u00edzemn\u00edho (troposf\u00e9rick\u00e9ho) oz\u00f3nu, kter\u00e9 s\u00a0t\u011bmito meteorologick\u00fdmi podm\u00ednkami souvis\u00ed.<\/em><\/strong><\/p>\n<p>O p\u0159\u00edzemn\u00edm ozonu jsme <a href=\"https:\/\/chmibrno.org\/blog\/2018\/08\/01\/neni-ozon-jako-ozon\/\" target=\"_blank\" rel=\"noopener\">zde psali<\/a> ji\u017e loni a teoretick\u00e9 informace o t\u00e9to zne\u010di\u0161\u0165uj\u00edc\u00ed l\u00e1tce a rozd\u00edl mezi stratosf\u00e9rick\u00fdm a troposf\u00e9rick\u00fdm ozonem popisuje n\u00ed\u017ee uveden\u00e9 video.<\/p>\n<div class=\"su-youtube su-u-responsive-media-yes\"><iframe width=\"600\" height=\"400\" src=\"https:\/\/www.youtube.com\/embed\/rsYQHv6oxUE?\" frameborder=\"0\" allowfullscreen allow=\"autoplay; encrypted-media; picture-in-picture\" title=\"\"><\/iframe><\/div>\n<p>Koncentrace p\u0159\u00edzemn\u00edho ozonu jsou nejvy\u0161\u0161\u00ed v\u00a0dob\u011b vysok\u00fdch teplot, mal\u00e9 obla\u010dnosti a to p\u0159edev\u0161\u00edm ve v\u00fd\u0161e polo\u017een\u00fdch oblastech a mimo intenzivn\u011b dopravn\u011b zat\u00ed\u017een\u00e9 lokality.<\/p>\n<p>Ve st\u0159edu 26. 6. byla ji\u017e v\u00a0odpoledn\u00edch a podve\u010dern\u00edch hodin\u00e1ch vyhl\u00e1\u0161ena smogov\u00e1 situace v\u00a0d\u016fsledku vysok\u00fdch koncentrac\u00ed p\u0159\u00edzemn\u00edho ozonu v\u00a0kraji nejprve \u00dasteck\u00e9m, n\u00e1sledn\u011b Libereck\u00e9m a St\u0159edo\u010desk\u00e9m.<\/p>\n<p>Jako velmi dobrou hodnot\u00edme situaci, kdy se koncentrace p\u0159\u00edzemn\u00edho ozonu pohybuj\u00ed do 33 \u00b5g\/m<sup>3<\/sup>. Dobr\u00e1 kategorie zahrnuje koncentrace od 33 do 65 \u00b5g\/m<sup>3<\/sup>, uspokojiv\u00e1 65 a\u017e 120 \u00b5g\/m<sup>3 <\/sup>a vyhovuj\u00edc\u00ed 120 a\u017e 180 \u00b5g\/m<sup>3<\/sup>. Koncentrace p\u0159\u00edzemn\u00edho ozonu nad 180 \u00b5g\/m<sup>3<\/sup> pova\u017eujeme za \u0161patn\u00e9 a nad 240 \u00b5g\/m<sup>3<\/sup> za velmi \u0161patn\u00e9.<\/p>\n<p>Pod\u00edvejme se nyn\u00ed, jak to vypadalo s\u00a0koncentracemi p\u0159\u00edzemn\u00edho ozonu ve st\u0159edu 26. \u010dervna 2019, v\u00a0den kdy se teploty na n\u011bkter\u00fdch m\u00edstech republiky v\u00a0\u010cech\u00e1ch \u0161plhaly nad 37 \u010di dokonce 38 \u00b0C. Vych\u00e1zet budeme \u010dist\u011b z\u00a0operativn\u00edch dat a to do 18 h SEL\u010c. V\u016fbec nejvy\u0161\u0161\u00ed koncentrace p\u0159\u00edzemn\u00edho ozonu v\u00a0\u010cesk\u00e9 republice byla tento den nam\u011b\u0159ena na stanici \u00dast\u00ed nad Labem \u2013 m\u011bsto mezi 12 a 13 h, kdy byl hodinov\u00fd pr\u016fm\u011br 216,3 \u00b5g\/m<sup>3<\/sup>. \u00a0Druh\u00fd nejvy\u0161\u0161\u00ed hodinov\u00fd pr\u016fm\u011br byl nam\u011b\u0159en na stanici \u00dast\u00ed nad Labem \u2013 Ko\u010dkov a to rovn\u011b\u017e mezi 12 a 13 h. Pr\u00e1v\u011b v\u00a0\u00dasteck\u00e9m kraji byla nejd\u0159\u00edve vyhl\u00e1\u0161ena smogov\u00e1 situace v\u00a0d\u016fsledku vysok\u00fdch koncentrac\u00ed O<sub>3<\/sub>. Pr\u016fm\u011brn\u00e9 hodinov\u00e9 koncentrace O<sub>3<\/sub> na stanici \u00dast\u00ed nad Labem-m\u011bsto od 1. 6. 2019 do 26. 6. 2019, 18:00 SEL\u010c vid\u00edte na n\u00e1sleduj\u00edc\u00edm grafu.<\/p>\n<figure id=\"attachment_2542\" aria-describedby=\"caption-attachment-2542\" style=\"width: 945px\" class=\"wp-caption aligncenter\"><a href=\"https:\/\/chmibrno.org\/blog\/wp-content\/uploads\/2019\/06\/o32262019ustecky.png\"><img fetchpriority=\"high\" decoding=\"async\" class=\"wp-image-2542 size-full\" src=\"https:\/\/chmibrno.org\/blog\/wp-content\/uploads\/2019\/06\/o32262019ustecky.png\" alt=\"\" width=\"945\" height=\"526\" srcset=\"https:\/\/www.enviblog.cz\/blog\/wp-content\/uploads\/2019\/06\/o32262019ustecky.png 945w, https:\/\/www.enviblog.cz\/blog\/wp-content\/uploads\/2019\/06\/o32262019ustecky-300x167.png 300w, https:\/\/www.enviblog.cz\/blog\/wp-content\/uploads\/2019\/06\/o32262019ustecky-768x427.png 768w, https:\/\/www.enviblog.cz\/blog\/wp-content\/uploads\/2019\/06\/o32262019ustecky-240x135.png 240w\" sizes=\"(max-width: 945px) 100vw, 945px\" \/><\/a><figcaption id=\"caption-attachment-2542\" class=\"wp-caption-text\">Pr\u016fb\u011bh koncentrac\u00ed O<sub>3<\/sub> na stanici \u00dast\u00ed nad Labem &#8211; m\u011bsto v \u010dervnu 2019 do 26. 6. 2019<\/figcaption><\/figure>\n<p>Jak je to s\u00a0vyhla\u0161ov\u00e1n\u00edm smogov\u00fdch situac\u00ed v\u00a0d\u016fsledku vysok\u00fdch koncentrac\u00ed p\u0159\u00edzemn\u00edho ozonu? Smogov\u00e1 situace se pro dan\u00e9 \u00fazem\u00ed vyhla\u0161uje v p\u0159\u00edpad\u011b, \u017ee alespo\u0148 na jedn\u00e9 m\u011b\u0159ic\u00ed stanici reprezentativn\u00ed pro \u00farove\u0148 zne\u010di\u0161t\u011bn\u00ed v dan\u00e9m \u00fazem\u00ed p\u0159ekro\u010dila hodinov\u00e1 koncentrace troposf\u00e9rick\u00e9ho ozonu hodnotu informativn\u00ed prahovou hodnotu 180 \u00b5g.m\u207b\u00b3.<\/p>\n<p>V\u00a0<strong>Jihomoravsk\u00e9m<\/strong> kraji byly koncentrace O<sub>3<\/sub> v\u00a0maximech m\u00edrn\u011b nad 160 \u00b5g\/m<sup>3<\/sup> a to na poza\u010fov\u00fdch stanic\u00edch Brno-Arboretum a Brno-Tu\u0159any.<\/p>\n<p>V\u00a0<strong>Aglomeraci Praha<\/strong> se koncentrace p\u0159es den vy\u0161plhaly ke 160 \u00b5g\/m<sup>3<\/sup>. Nejvy\u0161\u0161\u00ed byly na stanici Kobylisy a Riegrovy sady. Naopak nejni\u017e\u0161\u00ed na stanici Vyso\u010dany.<\/p>\n<p>Ve <strong>St\u0159edo\u010desk\u00e9m<\/strong> kraji byly koncentrace nejv\u00fd\u0161e kolem 150 \u00b5g\/m<sup>3<\/sup>. V\u00fdjimkou byla stanice Mlad\u00e1 Boleslav, kde se koncentrace vy\u0161plhaly a\u017e na p\u0159ibli\u017en\u011b 195 \u00b5g\/m<sup>3<\/sup>.<\/p>\n<p>V\u00a0<strong>Jiho\u010desk\u00e9m<\/strong> kraji se koncentrace pohybovaly nejv\u00fd\u0161e kolem 130 \u00b5g\/m<sup>3<\/sup>, v\u00a0pr\u016fm\u011bru nejvy\u0161\u0161\u00ed byly na stanici Kocelovice, naopak nejni\u017e\u0161\u00ed na stanici \u010cesk\u00e9 Bud\u011bjovice.<\/p>\n<p>V\u00a0<strong>Plze\u0148sk\u00e9m<\/strong> kraji byly koncentrace ozonu nejvy\u0161\u0161\u00ed na stanici Plze\u0148-Doubravka a to v\u00a0hodinov\u00e9m pr\u016fm\u011brn\u00e9m maximum na hranici 150 \u00b5g\/m<sup>3<\/sup>.<\/p>\n<p>V\u00a0<strong>Karlovarsk\u00e9m<\/strong> kraji nam\u011b\u0159ily ob\u011b stanice sleduj\u00edc\u00ed O<sub>3<\/sub> (Sokolov a P\u0159ebuz) podobn\u00e9 maxima a to kolem 160 \u00b5g\/m<sup>3<\/sup>.<\/p>\n<p>Jak jsme si ji\u017e uk\u00e1zaly, v\u00a0<strong>\u00dasteck\u00e9m<\/strong> kraji byly koncentrace O<sub>3<\/sub> tento den v\u016fbec nejvy\u0161\u0161\u00ed z\u00a0\u010cR a na dvou stanic\u00edch p\u0159ekro\u010dily hranici 200 \u00b5g\/m<sup>3<\/sup>.<\/p>\n<p>Tak\u00e9 v\u00a0<strong>Libereck\u00e9m<\/strong> kraji byly koncentrace p\u0159\u00edzemn\u00edho O<sub>3<\/sub> vysok\u00e9. Na v\u0161ech t\u0159ech stanic\u00edch (Sou\u0161, Liberec Rochlice, Fr\u00fddlant) byly maxima pro tento den nad 170 \u00b5g\/m<sup>3<\/sup> \u010di bl\u00edzko 180 \u00b5g\/m<sup>3<\/sup>.<\/p>\n<p>V\u00a0<strong>Kr\u00e1lov\u00e9hradeck\u00e9m<\/strong> kraji byly ze t\u0159\u00ed stanic (Hradec Kr\u00e1lov\u00e9 observato\u0159, Krkono\u0161e R\u00fdchory a Polom) nejvy\u0161\u0161\u00ed na stanici Krkono\u0161e-R\u00fdchory a Hradec-Kr\u00e1lov\u00e9 observato\u0159, a to v\u00a0maximu nad 180 \u00b5g\/m<sup>3<\/sup>. Na stanici Polom se vy\u0161plhaly maxim\u00e1ln\u011b na m\u00edrn\u011b nad 150 \u00b5g\/m<sup>3<\/sup>.<\/p>\n<p>V\u00a0<strong>Pardubick\u00e9m<\/strong> kraji jsou dostupn\u00e1 data pro stanici Svratouch, kde se koncentrace p\u0159\u00edzemn\u00edho ozonu 26. \u010dervna 2019 zastavily m\u00edrn\u011b nad 140 \u00b5g\/m<sup>3<\/sup>.<\/p>\n<p>V\u00a0Kraji <strong>Vyso\u010dina<\/strong> byly koncentrace O<sub>3<\/sub> nejvy\u0161\u0161\u00ed na stanici Jihlava (nad 145 \u00b5g\/m<sup>3<\/sup>), naopak nejni\u017e\u0161\u00ed na stanici Kosteln\u00ed Myslov\u00e1 (p\u0159ibli\u017en\u011b 125 \u00b5g\/m<sup>3<\/sup>).<\/p>\n<p>V\u00a0<strong>Olomouck\u00e9m<\/strong> kraji se koncentrace O<sub>3<\/sub> pohybovaly maxim\u00e1ln\u011b m\u00edrn\u011b nad 130 \u00b5g\/m<sup>3<\/sup>. V\u016fbec nejv\u00edce ze 4 stanic k\u00a0dispozici to bylo na stanici v\u00a0\u0160umperku, naopak nejm\u00e9n\u011b na stanici Jesen\u00edk-l\u00e1zn\u011b.<\/p>\n<p>Ve <strong>Zl\u00ednsk\u00e9m<\/strong> kraji byly koncentrace nejvy\u0161\u0161\u00ed na stanici \u0160t\u00edtn\u00e1 nad Vl\u00e1\u0159\u00ed a T\u011b\u0161novice (p\u0159ibli\u017en\u011b 140 \u00b5g\/m<sup>3<\/sup>). Naopak nejni\u017e\u0161\u00ed bylo maximum na stanici ve Zl\u00edn\u011b (m\u00edrn\u011b nad 120 \u00b5g\/m<sup>3<\/sup>).<\/p>\n<p>V\u00a0<strong>Moravskoslezsk\u00e9m<\/strong> kraji byly koncentrace O<sub>3<\/sub> nejvy\u0161\u0161\u00ed v\u00a0hodinov\u00e9m pr\u016fm\u011brn\u00e9m maximu na stanici Ostrava-Radvanice OZO (p\u0159ibli\u017en\u011b 150 \u00b5g\/m<sup>3<\/sup>).<\/p>\n<p>&nbsp;<\/p>\n<p>Jak se budou koncentrace p\u0159\u00edzemn\u00edho ozonu vyv\u00edjet v n\u00e1sleduj\u00edc\u00edch dnech z\u00e1le\u017e\u00ed na meteorologick\u00fdch podm\u00ednk\u00e1ch. Pokud se budou teploty nad\u00e1le dost\u00e1vat nad 30, \u010di dokonce 33-35 \u00b0C lze nad\u00e1le o\u010dek\u00e1vat vysok\u00e9 koncentrace a to p\u0159edev\u0161\u00edm na poza\u010fov\u00fdch stanic\u00edch.<\/p>\n<p>&nbsp;<\/p>\n<p>&nbsp;<\/p>\n","protected":false},"excerpt":{"rendered":"<p>V\u00a0t\u011bchto dnech s\u00a0a\u017e extr\u00e9mn\u011b vysok\u00fdmi teplotami a velmi malou \u010di \u017e\u00e1dnou obla\u010dnost\u00ed je t\u0159eba krom\u011b samotn\u00e9ho horka p\u0159ipomenout tak\u00e9 vysok\u00e9 koncentrace p\u0159\u00edzemn\u00edho (troposf\u00e9rick\u00e9ho) oz\u00f3nu, kter\u00e9 s\u00a0t\u011bmito meteorologick\u00fdmi podm\u00ednkami souvis\u00ed. O p\u0159\u00edzemn\u00edm ozonu jsme zde psali ji\u017e loni a teoretick\u00e9 informace o t\u00e9to zne\u010di\u0161\u0165uj\u00edc\u00ed l\u00e1tce a rozd\u00edl mezi stratosf\u00e9rick\u00fdm a troposf\u00e9rick\u00fdm ozonem popisuje n\u00ed\u017ee uveden\u00e9 video. [&hellip;]<\/p>\n","protected":false},"author":1,"featured_media":2547,"comment_status":"open","ping_status":"open","sticky":false,"template":"","format":"standard","meta":{"jetpack_post_was_ever_published":false,"_jetpack_newsletter_access":"","_jetpack_dont_email_post_to_subs":false,"_jetpack_newsletter_tier_id":0,"_jetpack_memberships_contains_paywalled_content":false,"_jetpack_memberships_contains_paid_content":false,"footnotes":"","jetpack_publicize_message":"","jetpack_publicize_feature_enabled":true,"jetpack_social_post_already_shared":true,"jetpack_social_options":{"image_generator_settings":{"template":"highway","enabled":false},"version":2}},"categories":[5],"tags":[136],"coauthors":[19],"class_list":["post-2540","post","type-post","status-publish","format-standard","has-post-thumbnail","hentry","category-ovzdusi","tag-ozon","entry","has-media"],"jetpack_publicize_connections":[],"jetpack_sharing_enabled":true,"jetpack_featured_media_url":"https:\/\/www.enviblog.cz\/blog\/wp-content\/uploads\/2019\/06\/titleOzone.jpg","jetpack_shortlink":"https:\/\/wp.me\/pa1A1I-EY","_links":{"self":[{"href":"https:\/\/www.enviblog.cz\/blog\/wp-json\/wp\/v2\/posts\/2540","targetHints":{"allow":["GET"]}}],"collection":[{"href":"https:\/\/www.enviblog.cz\/blog\/wp-json\/wp\/v2\/posts"}],"about":[{"href":"https:\/\/www.enviblog.cz\/blog\/wp-json\/wp\/v2\/types\/post"}],"author":[{"embeddable":true,"href":"https:\/\/www.enviblog.cz\/blog\/wp-json\/wp\/v2\/users\/1"}],"replies":[{"embeddable":true,"href":"https:\/\/www.enviblog.cz\/blog\/wp-json\/wp\/v2\/comments?post=2540"}],"version-history":[{"count":12,"href":"https:\/\/www.enviblog.cz\/blog\/wp-json\/wp\/v2\/posts\/2540\/revisions"}],"predecessor-version":[{"id":2554,"href":"https:\/\/www.enviblog.cz\/blog\/wp-json\/wp\/v2\/posts\/2540\/revisions\/2554"}],"wp:featuredmedia":[{"embeddable":true,"href":"https:\/\/www.enviblog.cz\/blog\/wp-json\/wp\/v2\/media\/2547"}],"wp:attachment":[{"href":"https:\/\/www.enviblog.cz\/blog\/wp-json\/wp\/v2\/media?parent=2540"}],"wp:term":[{"taxonomy":"category","embeddable":true,"href":"https:\/\/www.enviblog.cz\/blog\/wp-json\/wp\/v2\/categories?post=2540"},{"taxonomy":"post_tag","embeddable":true,"href":"https:\/\/www.enviblog.cz\/blog\/wp-json\/wp\/v2\/tags?post=2540"},{"taxonomy":"author","embeddable":true,"href":"https:\/\/www.enviblog.cz\/blog\/wp-json\/wp\/v2\/coauthors?post=2540"}],"curies":[{"name":"wp","href":"https:\/\/api.w.org\/{rel}","templated":true}]}}