{"id":2027,"date":"2019-01-21T22:12:26","date_gmt":"2019-01-21T21:12:26","guid":{"rendered":"https:\/\/www.enviblog.cz\/blog\/?p=2027"},"modified":"2019-01-24T21:52:47","modified_gmt":"2019-01-24T20:52:47","slug":"2027","status":"publish","type":"post","link":"https:\/\/www.enviblog.cz\/blog\/2019\/01\/21\/2027\/","title":{"rendered":"Smogov\u00e1 situace &#8211; aktualizujeme"},"content":{"rendered":"<h2><em><strong>VE SPODN\u00cd \u010c\u00c1STI \u010cL\u00c1NKU PR\u016eB\u011a\u017dN\u00c9 AKTUALIZACE<\/strong><\/em><\/h2>\n<p><em><strong>V pond\u011bl\u00ed 21. ledna 2019 byla v rann\u00edch hodin\u00e1ch vyhl\u00e1\u0161ena smogov\u00e1 situace ve Zl\u00ednsk\u00e9m kraji.<\/strong><\/em><\/p>\n<p>P\u0159\u00ed\u010dinou vyhl\u00e1\u0161en\u00ed smogov\u00e9 situace jsou vysok\u00e9 koncentrace suspendovan\u00fdch \u010d\u00e1stic PM<sub>10<\/sub>. Na \u00favod trochu legislativy.<\/p>\n<p>Smogov\u00e9 situace a regulace pro PM<sub>10<\/sub> se vyhla\u0161uj\u00ed na z\u00e1klad\u011b 12hodinov\u00fdch klouzav\u00fdch pr\u016fm\u011br\u016f. Pro vyhl\u00e1\u0161en\u00ed smogov\u00e9 situace pro PM<sub>10<\/sub> je po\u017eadov\u00e1no p\u0159ekro\u010den\u00ed informativn\u00ed hodnoty, v tomto p\u0159\u00edpad\u011b 100 \u00b5g\/m<sup>3<\/sup>, na polovin\u011b reprezentativn\u00edch stanic (ve Zl\u00ednsk\u00e9m kraji: T\u011b\u0161novice, Zl\u00edn a Vala\u0161sk\u00e9 Mezi\u0159\u00ed\u010d\u00ed). V p\u0159\u00edpad\u011b vyhl\u00e1\u0161en\u00ed regulace je prahovou hodnotou 150 \u00b5g\/m<sup>3<\/sup>. P\u0159i rozhodov\u00e1n\u00ed je rovn\u011b\u017e br\u00e1n v potaz p\u0159edpokl\u00e1dan\u00fd budouc\u00ed v\u00fdvoj koncentrac\u00ed b\u011bhem n\u00e1sleduj\u00edc\u00edch 24 hodin. Stejn\u011b tak je toto br\u00e1no v potaz p\u0159i rozhodov\u00e1n\u00ed o odvol\u00e1n\u00ed smogov\u00e9 situace \u010di regulace.<\/p>\n<p>P\u0159esn\u00e9 podm\u00ednky vyhla\u0161ov\u00e1n\u00ed a odvol\u00e1v\u00e1n\u00ed smogov\u00fdch situac\u00ed naleznete <a href=\"http:\/\/portal.chmi.cz\/files\/portal\/docs\/uoco\/smog\/SVRS_pravidla-fungovani.pdf\" target=\"_blank\" rel=\"noopener\">zde<\/a>.<\/p>\n<ul>\n<li><strong>smogov\u00e1 situace<\/strong> &#8211; stav mimo\u0159\u00e1dn\u011b zne\u010di\u0161t\u011bn\u00e9ho ovzdu\u0161\u00ed, kdy \u00farove\u0148 zne\u010di\u0161t\u011bn\u00ed p\u0159ek\u0159o\u010d\u00ed n\u011bkterou z prahov\u00fdch hodnot podle z\u00e1kona a jsou spln\u011bny dal\u0161\u00ed podm\u00ednky viz v\u00fd\u0161e.<\/li>\n<li><b>regulace<\/b> &#8211;\u00a0p\u0159i vyhl\u00e1\u0161en\u00ed regulace mus\u00ed stacion\u00e1rn\u00ed zdroje, kter\u00e9 maj\u00ed stanoveny zvl\u00e1\u0161tn\u00ed podm\u00ednky provozu podle Z\u00e1kona, postupovat podle t\u011bchto podm\u00ednek a na jejich z\u00e1klad\u011b omezit vypou\u0161t\u011bn\u00ed zne\u010di\u0161\u0165uj\u00edc\u00edch l\u00e1tek do ovzdu\u0161\u00ed. Tyto zdroje vyb\u00edr\u00e1 p\u0159\u00edslu\u0161n\u00fd krajsk\u00fd \u00fa\u0159ad.<\/li>\n<\/ul>\n<p>24hodinov\u00fd imisn\u00ed limit pro suspendovan\u00e9 \u010d\u00e1stice PM<sub>10<\/sub> m\u00e1 hodnotu 50 \u00b5g\/m<sup>3<\/sup>.<\/p>\n<p>Po cel\u00fd den byly v pond\u011bl\u00ed 21. ledna koncentrace suspendovan\u00fdch \u010d\u00e1stic ve Zl\u00ednsk\u00e9m kraji vysok\u00e9, v\u011bt\u0161inou mezi 90 a 150 \u00b5g\/m<sup>3<\/sup>. St\u00e1le se v\u0161ak jednalo o hodnoty v\u00fdrazn\u011b ni\u017e\u0161\u00ed, ne\u017e jak\u00e9 byly m\u011b\u0159eny v Moravskoslezsk\u00e9m kraji, kde na n\u011bkter\u00fdch stanic\u00edch p\u0159ekra\u010dovaly hodnotu 250 \u00b5g\/m<sup>3<\/sup>.<\/p>\n<h2>Co je p\u0159\u00ed\u010dinou?<\/h2>\n<p>Obecn\u011b plat\u00ed, \u017ee je v zim\u011b kvalita ovzdu\u0161\u00ed hor\u0161\u00ed, ne\u017e v l\u00e9t\u011b, alespo\u0148 co se suspendovan\u00fdch \u010d\u00e1stic t\u00fd\u010de (v\u00fdjimkou je p\u0159\u00edzemn\u00ed ozon). Ke zv\u00fd\u0161en\u00fdm koncentrac\u00edm suspendovan\u00fdch \u010d\u00e1stic moment\u00e1ln\u011b p\u0159isp\u00edv\u00e1 n\u011bkolik faktor\u016f:<\/p>\n<ul>\n<li>m\u00edrn\u011b nep\u0159\u00edzniv\u00e9 a\u017e nep\u0159\u00edzniv\u00e9 rozptylov\u00e9 podm\u00ednky &#8211; meteorologick\u00e9 podm\u00ednky hraj\u00ed velkou roli v kvalit\u011b ovzdu\u0161\u00ed. Hor\u0161\u00ed kvalitu ovzdu\u0161\u00ed vyvol\u00e1vaj\u00ed teplotn\u00ed inverze, kter\u00e9 funguj\u00ed jako &#8222;pokli\u010dka&#8220;, kter\u00e1 kumuluje zne\u010di\u0161\u0165uj\u00edc\u00ed l\u00e1tky u zem\u011b. Teplej\u0161\u00ed vzduch nad studen\u00fdm znamen\u00e1, \u017ee nedoch\u00e1z\u00ed k \u00fa\u010dinn\u00e9mu rozptylu a prom\u00edch\u00e1v\u00e1n\u00ed.<\/li>\n<li>siln\u00fd mr\u00e1z &#8211; teploty na n\u011bkter\u00fdch m\u00edstech byly v noci na pond\u011bl\u00ed pod -15\u00b0C. To sebou samoz\u0159ejm\u011b nese nap\u0159\u00edklad vy\u0161\u0161\u00ed m\u00edru vyt\u00e1p\u011bn\u00ed &#8211; a pr\u00e1v\u011b lok\u00e1ln\u00ed vyt\u00e1p\u011bn\u00ed je dlouhodob\u011b obecn\u011b nejv\u011bt\u0161\u00edm zdrojem suspendovan\u00fdch \u010d\u00e1stic v \u010cesk\u00e9 republice (57 % PM<sub>10<\/sub> a 74 % PM<sub>2,5<\/sub>).<\/li>\n<li>m\u00edrn\u00fd severov\u00fdchodn\u00ed v\u00edtr &#8211; zne\u010di\u0161\u0165uj\u00edc\u00ed l\u00e1tky se p\u0159esouvaj\u00ed stovky kilometr\u016f. M\u00edrn\u00fd v\u00edtr nen\u00ed p\u0159\u00edzniv\u00fd, proto\u017ee op\u011bt vede k men\u0161\u00ed m\u00ed\u0159e prom\u00edch\u00e1v\u00e1n\u00ed a tedy kumulaci zne\u010di\u0161t\u011bn\u00ed. Severov\u00fdchodn\u00ed v\u00edtr pak pro zm\u011bnu znamen\u00e1, \u017ee se do Zl\u00ednsk\u00e9ho kraje dost\u00e1v\u00e1 vzduch z Moravskoslezsk\u00e9ho kraje, kde byla smogov\u00e1 situace vyhl\u00e1\u0161ena ji\u017e o den d\u0159\u00edve. Sem se tak\u00e9 m\u016f\u017ee dost\u00e1vat zne\u010di\u0161t\u011bn\u00ed z jin\u00fdch oblast\u00ed, \u010dasto i p\u0159eshrani\u010dn\u00edm transportem.\u00a0Zdrojem nejsou samoz\u0159ejm\u011b jen d\u00e1lkov\u00fd transport, ale tak\u00e9 lok\u00e1ln\u00ed zdroje, a\u0165 u\u017e nap\u0159\u00edklad vyt\u00e1p\u011bn\u00ed \u010di doprava.<\/li>\n<\/ul>\n<p>Obecn\u011b tedy m\u016f\u017eeme \u0159\u00edct, \u017ee za aktu\u00e1ln\u00ed smogovou situaci m\u016f\u017ee zne\u010di\u0161t\u011bn\u00ed lok\u00e1ln\u00ed (vyt\u00e1p\u011bn\u00ed, doprava, pr\u016fmysl apod.), kter\u00e9 se d\u00edky nep\u0159\u00edzniv\u00fdm rozptylov\u00fdm podm\u00ednk\u00e1m v\u00edce kumuluje a je nav\u00edc dopln\u011bno zne\u010di\u0161t\u011bn\u00edm ze vzd\u00e1len\u011bj\u0161\u00edch oblast\u00ed, dost\u00e1vaj\u00edc\u00edm se sem d\u00e1lkov\u00fdm transportem.<\/p>\n<p>Na n\u00e1sleduj\u00edc\u00edm obr\u00e1zku vid\u00edme v\u00fdvoj koncentrac\u00ed PM<sub>10<\/sub> na automatick\u00fdch stanic\u00edch imisn\u00edho monitoringu od 20.1.2019 do p\u0159ibli\u017en\u011b 20 h 21.1.2019.<\/p>\n<p><a href=\"https:\/\/chmibrno.org\/blog\/2019\/01\/21\/2027\/zlinsmog2012019\/#main\" rel=\"attachment wp-att-2028\"><img fetchpriority=\"high\" decoding=\"async\" class=\"aligncenter size-large wp-image-2028\" src=\"https:\/\/chmibrno.org\/blog\/wp-content\/uploads\/2019\/01\/zlinSmog2012019-1024x596.png\" alt=\"\" width=\"1024\" height=\"596\" srcset=\"https:\/\/www.enviblog.cz\/blog\/wp-content\/uploads\/2019\/01\/zlinSmog2012019-1024x596.png 1024w, https:\/\/www.enviblog.cz\/blog\/wp-content\/uploads\/2019\/01\/zlinSmog2012019-300x174.png 300w, https:\/\/www.enviblog.cz\/blog\/wp-content\/uploads\/2019\/01\/zlinSmog2012019-768x447.png 768w, https:\/\/www.enviblog.cz\/blog\/wp-content\/uploads\/2019\/01\/zlinSmog2012019.png 1176w\" sizes=\"(max-width: 1024px) 100vw, 1024px\" \/><\/a><\/p>\n<p>Z obr\u00e1zku je vid\u011bt, \u017ee k p\u0159ekro\u010den\u00ed prahov\u00e9 hodnoty 100 \u00b5g\/m<sup>3<\/sup> do\u0161lo na v\u011bt\u0161in\u011b stanic kolem p\u016flnoci z ned\u011bli na pond\u011bl\u00ed. Nejhor\u0161\u00ed situace je na stanici Vala\u0161sk\u00e9 Mezi\u0159\u00ed\u010d\u00ed, kde byla p\u0159ekro\u010dena i hodnota 200 \u00b5g\/m<sup>3<\/sup>.<\/p>\n<h2>Doporu\u010den\u00ed<\/h2>\n<p>Doporu\u010dujeme zdr\u017eet se p\u0159i pobytu pod \u0161ir\u00fdm nebem zv\u00fd\u0161en\u00e9 fyzick\u00e9 aktivity spojen\u00e9 se zv\u00fd\u0161enou frekvenc\u00ed d\u00fdch\u00e1n\u00ed. To plat\u00ed zejm\u00e9na pro n\u00e1chyln\u011bj\u0161\u00ed skupiny osob, jako jsou osoby s chronick\u00fdmi d\u00fdchac\u00edmi obt\u00ed\u017eemi, srde\u010dn\u00edm onemocn\u011bn\u00edm, star\u0161\u00ed lid\u00e9 \u010di mal\u00e9 d\u011bti.<\/p>\n<p>&nbsp;<\/p>\n<p><em><strong>Situaci pr\u016fb\u011b\u017en\u011b sledujeme a budeme aktualizovat.<\/strong><\/em><\/p>\n<h2><em><strong>\u00a0Aktualizace<\/strong><\/em><\/h2>\n<ul>\n<li><strong><em>22.1.2019, 9:30<\/em> &#8211;\u00a0<\/strong>v Jihomorvask\u00e9m kraji bez aglomerace Brno byla p\u0159ekro\u010dena informativn\u00ed hodnota pro vyhl\u00e1\u0161en\u00ed smogov\u00e9 situace vzhledem k vysok\u00fdm koncentrac\u00edm \u010d\u00e1stic PM<sub>10<\/sub>. Vzhledem k faktu, \u017ee jsou koncentrace t\u011bsn\u011b nad informativn\u00ed hodnotou a vzhledem k mo\u017en\u00e9mu m\u00edrn\u00e9mu zlep\u0161en\u00ed rozptylov\u00fdch podm\u00ednek v nast\u00e1vaj\u00edc\u00edch hodin\u00e1ch jsme se rozhodli smogovou situaci v tuto chv\u00edli zat\u00edm <strong>nevyhla\u0161ovat<\/strong>. Koncentrace v Aglomeraci Brno na reprezentativn\u00edch stanic\u00edch jsou v pr\u016fm\u011bru p\u0159ibli\u017en\u011b o 15 \u00b5g\/m<sup>3<\/sup> ni\u017e\u0161\u00ed, ne\u017e v Jihomoravsk\u00e9m kraji.<\/li>\n<li><em><strong>22.1.2019, 11:50<\/strong><\/em> &#8211; koncentrace PM<sub>10<\/sub> v Jihomoravsk\u00e9m kraji je op\u011bt pod prahovou hodnotou pro vyhl\u00e1\u0161en\u00ed smogov\u00e9 situace.<\/li>\n<li><em><strong>22.1.2019, 13:58<\/strong><\/em><em> &#8211;\u00a0<\/em>konentrace PM<sub>10<\/sub> v Jihomoravsk\u00e9m kraji bez aglomerace Brno neust\u00e1le fluktuuj\u00ed na hranici vyhl\u00e1\u0161en\u00ed smogov\u00e9 situace.<\/li>\n<li><em><strong>22.1.2019, 15:44\u00a0<\/strong><\/em><em>&#8211;\u00a0<\/em>v n\u00e1sleduj\u00edc\u00edch hodin\u00e1ch nep\u0159edpokl\u00e1d\u00e1me v\u00fdrazn\u00e9 zhor\u0161en\u00ed situace co se t\u00fd\u010de koncentrac\u00ed PM<sub>10<\/sub> na reprezentativn\u00edch stanic\u00edch. I p\u0159es fakt, \u017ee v n\u011bkter\u00fdch hodin\u00e1ch b\u011bhem dne byla t\u011bsn\u011b p\u0159ekro\u010dena hodnota 100 \u00b5g\/m<sup>3\u00a0<\/sup>jako 12h klouzav\u00fd pr\u016fm\u011br na reprezentativn\u00edch stanic\u00edch, neo\u010dek\u00e1v\u00e1me moment\u00e1ln\u011b, \u017ee by tento stav p\u0159etrval 24h.<\/li>\n<li><em><strong>22.1.2019, 22:31<\/strong><\/em><em> &#8211;\u00a0<\/em>v no\u010dn\u00edch hodin\u00e1ch o\u010dek\u00e1v\u00e1me mo\u017en\u00fd m\u00edrn\u00fd n\u00e1r\u016fst koncentrac\u00ed PM<sub>10,<\/sub> nelze \u0159\u00edci, zda budou hodnoty na tolik vysok\u00e9, aby byla vyhl\u00e1\u0161ena smogov\u00e1 situace i v JMK a Aglomeraci Brno<\/li>\n<li><em><strong>23.1.2019, 4:50<\/strong><\/em><em> &#8211;\u00a0<\/em>v no\u010dn\u00edch hodin\u00e1ch byly t\u011bsn\u011b p\u0159ekro\u010deny podm\u00ednky pro vyhl\u00e1\u0161en\u00ed smogov\u00e9 situace v JMK i Aglomeraci Brno. Vzhledem k o\u010dek\u00e1van\u00e9mu zlep\u0161en\u00ed p\u0159es den a faktu, \u017ee neo\u010dek\u00e1v\u00e1me tuto situaci po dal\u0161\u00edch 24h, zat\u00edm nebyla vyhl\u00e1\u0161ena smogov\u00e1 situace. Ve Zl\u00ednsk\u00e9m kraji smogov\u00e1 situace zat\u00edm pokra\u010duje. Nejvy\u0161\u0161\u00ed koncentrace PM<sub>10<\/sub> jsou na stanici Vala\u0161sk\u00e9 Mezi\u0159\u00ed\u010d\u00ed, kde p\u0159ekra\u010duj\u00ed i prahovou hodnotu pro vyhl\u00e1\u0161en\u00ed regulace. Na dal\u0161\u00edch reprezentativn\u00edch stanic\u00edch ve Zl\u00ednsk\u00e9m kraji je situace lep\u0161\u00ed a 12h klouzav\u00e9 pr\u016fm\u011bry jsou pod 150 \u00b5g\/m<sup>3<\/sup>.<\/li>\n<li><em><strong>23.1.2019, 13:29<\/strong><\/em><em> &#8211;\u00a0<\/em>v Moravskoslezsk\u00e9m a Zl\u00ednsk\u00e9m kraji se ji\u017e situace zlep\u0161uje. V Aglomeraci Brno jsou koncentrace PM<sub>10<\/sub> na hranici vyhl\u00e1\u0161en\u00ed smogov\u00e9 situace. V n\u00e1sleduj\u00edc\u00edch hodin\u00e1ch v\u0161ak rovn\u011b\u017e o\u010dek\u00e1v\u00e1me zlep\u0161en\u00ed se zlep\u0161uj\u00edc\u00edmi se rozptylov\u00fdmi podm\u00ednkami.<\/li>\n<li><em><strong>23.1.2019, 21:23<\/strong><\/em><em> &#8211;\u00a0<\/em>koncentrace PM<sub>10<\/sub> se v JMK moment\u00e1ln\u011b pohybuj\u00ed mezi 50 a 100 \u00b5g\/m<sup>3<\/sup>, ve Zl\u00ednsk\u00e9m kraji je to o n\u011bco v\u00edce. Smogov\u00e1 situace ve Zl\u00ednsk\u00e9m kraji bude pravd\u011bpodobn\u011b odvol\u00e1na b\u011bhem z\u00edt\u0159ka. V n\u00e1sleduj\u00edc\u00edch dnech o\u010dek\u00e1v\u00e1me lep\u0161\u00ed rozptylov\u00e9 podm\u00ednky, ne\u017e v posledn\u00edch dnech.<\/li>\n<li><em><strong>24.1.2019<\/strong><\/em><em> &#8211;\u00a0<\/em>vzhledem k poklesu koncentrac\u00ed PM<sub>10<\/sub> byla dnes v rann\u00edch hodin\u00e1ch odvol\u00e1na smogov\u00e1 situace ve Zl\u00ednsk\u00e9m kraji.<\/li>\n<\/ul>\n<p><a href=\"http:\/\/portal.chmi.cz\/files\/portal\/docs\/uoco\/web_generator\/svrs\/svrs_PM10_10_CZ.html\" target=\"_blank\" rel=\"noopener\">\u00a0Aktu\u00e1ln\u00ed stav<\/a><\/p>\n<p>&nbsp;<\/p>\n","protected":false},"excerpt":{"rendered":"<p>VE SPODN\u00cd \u010c\u00c1STI \u010cL\u00c1NKU PR\u016eB\u011a\u017dN\u00c9 AKTUALIZACE V pond\u011bl\u00ed 21. ledna 2019 byla v rann\u00edch hodin\u00e1ch vyhl\u00e1\u0161ena smogov\u00e1 situace ve Zl\u00ednsk\u00e9m kraji. P\u0159\u00ed\u010dinou vyhl\u00e1\u0161en\u00ed smogov\u00e9 situace jsou vysok\u00e9 koncentrace suspendovan\u00fdch \u010d\u00e1stic PM10. Na \u00favod trochu legislativy. Smogov\u00e9 situace a regulace pro PM10 se vyhla\u0161uj\u00ed na z\u00e1klad\u011b 12hodinov\u00fdch klouzav\u00fdch pr\u016fm\u011br\u016f. Pro vyhl\u00e1\u0161en\u00ed smogov\u00e9 situace pro PM10 je [&hellip;]<\/p>\n","protected":false},"author":1,"featured_media":2030,"comment_status":"open","ping_status":"open","sticky":false,"template":"","format":"standard","meta":{"jetpack_post_was_ever_published":false,"_jetpack_newsletter_access":"","_jetpack_dont_email_post_to_subs":false,"_jetpack_newsletter_tier_id":0,"_jetpack_memberships_contains_paywalled_content":false,"_jetpack_memberships_contains_paid_content":false,"footnotes":"","jetpack_publicize_message":"","jetpack_publicize_feature_enabled":true,"jetpack_social_post_already_shared":true,"jetpack_social_options":{"image_generator_settings":{"template":"highway","enabled":false},"version":2}},"categories":[5],"tags":[107],"coauthors":[19],"class_list":["post-2027","post","type-post","status-publish","format-standard","has-post-thumbnail","hentry","category-ovzdusi","tag-smog","entry","has-media"],"jetpack_publicize_connections":[],"jetpack_sharing_enabled":true,"jetpack_featured_media_url":"https:\/\/www.enviblog.cz\/blog\/wp-content\/uploads\/2019\/01\/smogovkaPng.png","jetpack_shortlink":"https:\/\/wp.me\/sa1A1I-2027","_links":{"self":[{"href":"https:\/\/www.enviblog.cz\/blog\/wp-json\/wp\/v2\/posts\/2027","targetHints":{"allow":["GET"]}}],"collection":[{"href":"https:\/\/www.enviblog.cz\/blog\/wp-json\/wp\/v2\/posts"}],"about":[{"href":"https:\/\/www.enviblog.cz\/blog\/wp-json\/wp\/v2\/types\/post"}],"author":[{"embeddable":true,"href":"https:\/\/www.enviblog.cz\/blog\/wp-json\/wp\/v2\/users\/1"}],"replies":[{"embeddable":true,"href":"https:\/\/www.enviblog.cz\/blog\/wp-json\/wp\/v2\/comments?post=2027"}],"version-history":[{"count":18,"href":"https:\/\/www.enviblog.cz\/blog\/wp-json\/wp\/v2\/posts\/2027\/revisions"}],"predecessor-version":[{"id":2061,"href":"https:\/\/www.enviblog.cz\/blog\/wp-json\/wp\/v2\/posts\/2027\/revisions\/2061"}],"wp:featuredmedia":[{"embeddable":true,"href":"https:\/\/www.enviblog.cz\/blog\/wp-json\/wp\/v2\/media\/2030"}],"wp:attachment":[{"href":"https:\/\/www.enviblog.cz\/blog\/wp-json\/wp\/v2\/media?parent=2027"}],"wp:term":[{"taxonomy":"category","embeddable":true,"href":"https:\/\/www.enviblog.cz\/blog\/wp-json\/wp\/v2\/categories?post=2027"},{"taxonomy":"post_tag","embeddable":true,"href":"https:\/\/www.enviblog.cz\/blog\/wp-json\/wp\/v2\/tags?post=2027"},{"taxonomy":"author","embeddable":true,"href":"https:\/\/www.enviblog.cz\/blog\/wp-json\/wp\/v2\/coauthors?post=2027"}],"curies":[{"name":"wp","href":"https:\/\/api.w.org\/{rel}","templated":true}]}}