{"id":1877,"date":"2019-01-03T08:51:30","date_gmt":"2019-01-03T07:51:30","guid":{"rendered":"https:\/\/www.enviblog.cz\/blog\/?p=1877"},"modified":"2019-01-03T10:27:42","modified_gmt":"2019-01-03T09:27:42","slug":"doporucujeme-ke-cteni-ii","status":"publish","type":"post","link":"https:\/\/www.enviblog.cz\/blog\/2019\/01\/03\/doporucujeme-ke-cteni-ii\/","title":{"rendered":"Doporu\u010dujeme ke \u010dten\u00ed II"},"content":{"rendered":"<p>V\u00a0\u010d\u00edsle 4\/18 \u010dtvrtletn\u00edku V\u011bda a v\u00fdzkum, kter\u00fd vyd\u00e1v\u00e1 Akademie v\u011bd \u010cesk\u00e9 republiky, mohou z\u00e1jemci o extr\u00e9mn\u00ed meteorologick\u00e9 jevy naj\u00edt \u010dl\u00e1nek &#8222;Tajfuny se st\u011bhuj\u00ed na sever&#8220;. Pomoc\u00ed anal\u00fdzy letokruh\u016f zkoumali v\u011bdci Botanick\u00e9ho \u00fastavu AV \u010cR to, jak se v pr\u016fb\u011bhu stalet\u00ed m\u011bnila intenzita tajfun\u016f a m\u00edsto jejich v\u00fdskytu. V\u00edce informac\u00ed na:<\/p>\n<p>&nbsp;<\/p>\n<p><a href=\"http:\/\/www.avcr.cz\/cs\/pro-verejnost\/casopisy\/\">http:\/\/www.avcr.cz\/cs\/pro-verejnost\/casopisy\/<\/a><\/p>\n<p>&nbsp;<\/p>\n","protected":false},"excerpt":{"rendered":"<p>V\u00a0\u010d\u00edsle 4\/18 \u010dtvrtletn\u00edku V\u011bda a v\u00fdzkum, kter\u00fd vyd\u00e1v\u00e1 Akademie v\u011bd \u010cesk\u00e9 republiky, mohou z\u00e1jemci o extr\u00e9mn\u00ed meteorologick\u00e9 jevy naj\u00edt \u010dl\u00e1nek &#8222;Tajfuny se st\u011bhuj\u00ed na sever&#8220;. Pomoc\u00ed anal\u00fdzy letokruh\u016f zkoumali v\u011bdci Botanick\u00e9ho \u00fastavu AV \u010cR to, jak se v pr\u016fb\u011bhu stalet\u00ed m\u011bnila intenzita tajfun\u016f a m\u00edsto jejich v\u00fdskytu. V\u00edce informac\u00ed na: &nbsp; http:\/\/www.avcr.cz\/cs\/pro-verejnost\/casopisy\/ &nbsp;<\/p>\n","protected":false},"author":6,"featured_media":1878,"comment_status":"open","ping_status":"open","sticky":false,"template":"","format":"standard","meta":{"jetpack_post_was_ever_published":false,"_jetpack_newsletter_access":"","_jetpack_dont_email_post_to_subs":false,"_jetpack_newsletter_tier_id":0,"_jetpack_memberships_contains_paywalled_content":false,"_jetpack_memberships_contains_paid_content":false,"footnotes":"","jetpack_publicize_message":"","jetpack_publicize_feature_enabled":true,"jetpack_social_post_already_shared":true,"jetpack_social_options":{"image_generator_settings":{"template":"highway","enabled":false},"version":2}},"categories":[3],"tags":[],"coauthors":[21],"class_list":["post-1877","post","type-post","status-publish","format-standard","has-post-thumbnail","hentry","category-pocasi","entry","has-media"],"jetpack_publicize_connections":[],"jetpack_sharing_enabled":true,"jetpack_featured_media_url":"https:\/\/www.enviblog.cz\/blog\/wp-content\/uploads\/2019\/01\/V\u00fdst\u0159i\u017eek.gif","jetpack_shortlink":"https:\/\/wp.me\/pa1A1I-uh","_links":{"self":[{"href":"https:\/\/www.enviblog.cz\/blog\/wp-json\/wp\/v2\/posts\/1877","targetHints":{"allow":["GET"]}}],"collection":[{"href":"https:\/\/www.enviblog.cz\/blog\/wp-json\/wp\/v2\/posts"}],"about":[{"href":"https:\/\/www.enviblog.cz\/blog\/wp-json\/wp\/v2\/types\/post"}],"author":[{"embeddable":true,"href":"https:\/\/www.enviblog.cz\/blog\/wp-json\/wp\/v2\/users\/6"}],"replies":[{"embeddable":true,"href":"https:\/\/www.enviblog.cz\/blog\/wp-json\/wp\/v2\/comments?post=1877"}],"version-history":[{"count":7,"href":"https:\/\/www.enviblog.cz\/blog\/wp-json\/wp\/v2\/posts\/1877\/revisions"}],"predecessor-version":[{"id":1885,"href":"https:\/\/www.enviblog.cz\/blog\/wp-json\/wp\/v2\/posts\/1877\/revisions\/1885"}],"wp:featuredmedia":[{"embeddable":true,"href":"https:\/\/www.enviblog.cz\/blog\/wp-json\/wp\/v2\/media\/1878"}],"wp:attachment":[{"href":"https:\/\/www.enviblog.cz\/blog\/wp-json\/wp\/v2\/media?parent=1877"}],"wp:term":[{"taxonomy":"category","embeddable":true,"href":"https:\/\/www.enviblog.cz\/blog\/wp-json\/wp\/v2\/categories?post=1877"},{"taxonomy":"post_tag","embeddable":true,"href":"https:\/\/www.enviblog.cz\/blog\/wp-json\/wp\/v2\/tags?post=1877"},{"taxonomy":"author","embeddable":true,"href":"https:\/\/www.enviblog.cz\/blog\/wp-json\/wp\/v2\/coauthors?post=1877"}],"curies":[{"name":"wp","href":"https:\/\/api.w.org\/{rel}","templated":true}]}}