{"id":1798,"date":"2019-01-02T14:23:51","date_gmt":"2019-01-02T13:23:51","guid":{"rendered":"https:\/\/www.enviblog.cz\/blog\/?p=1798"},"modified":"2019-01-03T14:19:42","modified_gmt":"2019-01-03T13:19:42","slug":"vysoke-koncentrace-suspendovanych-castic-v-dusledku-silvestrovskych-oslav","status":"publish","type":"post","link":"https:\/\/www.enviblog.cz\/blog\/2019\/01\/02\/vysoke-koncentrace-suspendovanych-castic-v-dusledku-silvestrovskych-oslav\/","title":{"rendered":"Vysok\u00e9 koncentrace suspendovan\u00fdch \u010d\u00e1stic v d\u016fsledku silvestrovsk\u00fdch oslav"},"content":{"rendered":"<p><em><strong>M\u00e1me za sebou dal\u0161\u00ed silvestrovskou noc, v\u00edt\u00e1n\u00ed nov\u00e9ho roku a s n\u00edm souvisej\u00edc\u00ed odpalov\u00e1n\u00ed z\u00e1bavn\u00ed pyrotechniky. V l\u00e9t\u011b jsme zde publikovali s\u00e9rii \u010dl\u00e1nk\u016f o m\u011b\u0159en\u00ed kvality ovzdu\u0161\u00ed b\u011bhem oh\u0148ostrojov\u00e9 p\u0159ehl\u00eddky Ignis Brunensis. Nyn\u00ed se pod\u00edv\u00e1me zda, a pokud ano, tak v jak\u00e9 m\u00ed\u0159e se projevuje silvestrovsk\u00e9 odpalov\u00e1n\u00ed pyrotechnick\u00fdch v\u00fdrobk\u016f jednotlivci.<\/strong><\/em><\/p>\n<p>Na rozd\u00edl od letn\u00edho m\u011b\u0159en\u00ed budeme tentokr\u00e1t vych\u00e1zet nikoliv z \u00fa\u010delov\u00e9ho, ale z rutinn\u00edho m\u011b\u0159en\u00ed kvality ovzdu\u0161\u00ed a dat ze stanic st\u00e1tn\u00ed s\u00edt\u011b imisn\u00edho monitoringu. Z\u00e1rove\u0148 je t\u0159eba zd\u016fraznit, \u017ee data standardn\u011b proch\u00e1z\u00ed n\u011bkolikastup\u0148ovou verifikac\u00ed, tedy ov\u011b\u0159ov\u00e1n\u00edm, p\u0159i kter\u00e9m se posuzuje jejich spr\u00e1vnost. To samoz\u0159ejm\u011b zabere ur\u010dit\u00fd \u010das, abychom tedy mohli prov\u00e9st vyhodnocen\u00ed co nejd\u0159\u00edve, budeme vych\u00e1zet z operativn\u00edch dat, kter\u00e1 zat\u00edm nepro\u0161la kompletn\u00edm procesem verifikace.<\/p>\n<p>Na \u00favod si odpov\u011bzme na z\u00e1sadn\u00ed ot\u00e1zku &#8211; projevuje se odpalov\u00e1n\u00ed pyrotechnick\u00fdch efekt\u016f na koncentrac\u00edch zne\u010di\u0161\u0165uj\u00edc\u00edch l\u00e1tek v ovzdu\u0161\u00ed, prim\u00e1rn\u011b ve m\u011bstech? Odpov\u011b\u010f zn\u00ed jednozna\u010dn\u011b ano a n\u00ed\u017ee si uk\u00e1\u017eeme na konkr\u00e9tn\u00edch p\u0159\u00edkladech v jak\u00e9 m\u00ed\u0159e.<\/p>\n<h2>Denn\u00ed chod koncentrac\u00ed<\/h2>\n<p>Abychom m\u011bli ur\u010ditou referenci, pod\u00edvejme se nap\u0159ed na dlouhodob\u00e9 pr\u016fm\u011brn\u00e9 koncentrace vybran\u00fdch l\u00e1tek, konkr\u00e9tn\u011b na jejich denn\u00ed chod. Jako p\u0159\u00edklad si vezmeme brn\u011bnskou stanici D\u011btsk\u00e1 nemocnice, kter\u00e1 jak uvid\u00edme d\u00e1le, byla oh\u0148ostroji na Silvestra 2018\/2019 z brn\u011bnsk\u00fdch stanic ovlivn\u011bna nejv\u00edce. N\u00ed\u017ee uveden\u00fd graf ukazuje pr\u016fm\u011brn\u00e9 koncentrace pro jednotliv\u00e9 hodiny za rok 2018, hodiny jsou v UTC.<\/p>\n<p>&nbsp;<\/p>\n<figure id=\"attachment_1810\" aria-describedby=\"caption-attachment-1810\" style=\"width: 1024px\" class=\"wp-caption aligncenter\"><a href=\"http:\/\/chmibrno.org\/blog\/2019\/01\/02\/vysoke-koncentrace-suspendovanych-castic-v-dusledku-silvestrovskych-oslav\/dnaday\/#main\" rel=\"attachment wp-att-1810\"><img fetchpriority=\"high\" decoding=\"async\" class=\"wp-image-1810 size-large\" src=\"http:\/\/chmibrno.org\/blog\/wp-content\/uploads\/2019\/01\/DNAday-1024x583.png\" alt=\"\" width=\"1024\" height=\"583\" srcset=\"https:\/\/www.enviblog.cz\/blog\/wp-content\/uploads\/2019\/01\/DNAday-1024x583.png 1024w, https:\/\/www.enviblog.cz\/blog\/wp-content\/uploads\/2019\/01\/DNAday-300x171.png 300w, https:\/\/www.enviblog.cz\/blog\/wp-content\/uploads\/2019\/01\/DNAday-768x437.png 768w, https:\/\/www.enviblog.cz\/blog\/wp-content\/uploads\/2019\/01\/DNAday.png 1522w\" sizes=\"(max-width: 1024px) 100vw, 1024px\" \/><\/a><figcaption id=\"caption-attachment-1810\" class=\"wp-caption-text\"><em><span style=\"font-size: 10pt;\">Denn\u00ed chod koncentrac\u00ed PM<sub>10<\/sub> na stanici D\u011btsk\u00e1 nemocnice, pr\u016fm\u011brn\u00e9 hodinov\u00e9 koncentrace, \u010das v UTC <br \/><\/span><\/em><\/figcaption><\/figure>\n<p>&nbsp;<\/p>\n<p>Na grafu vid\u00edme velmi v\u00fdraznou rann\u00ed \u0161pi\u010dku, odpoledn\u00ed \u0161pi\u010dka se ji\u017e v takov\u00e9 m\u00ed\u0159e neprojevuje. Tyto \u0161pi\u010dky mohou souviset jak se zv\u00fd\u0161enou intenzitou dopravy, tak\u00a0 vyt\u00e1p\u011bn\u00edm dom\u00e1cnost\u00ed tuh\u00fdmi palivy. Stanice D\u011btsk\u00e1 nemocnice je poza\u010fovou stanic\u00ed, na dopravn\u00edch stanic\u00edch vypad\u00e1 graf odli\u0161n\u011b, s v\u00fdraznou \u0161pi\u010dkou v rann\u00edch hodin\u00e1ch kolem 7- 8 h a dal\u0161\u00ed, ji\u017e v\u00edce \u010dasov\u011b rozlo\u017eenou v odpoledn\u00edch a podve\u010dern\u00edch hodin\u00e1ch. Jak je v\u0161ak vid\u011bt, v noci maj\u00ed koncentrace m\u00edrn\u011b klesaj\u00edc\u00ed trend. Po ve\u010dern\u00ed \u0161pi\u010dce doch\u00e1z\u00ed k poklesu, na dopravn\u00edch stanic\u00edch je tento pokles v\u00fdrazn\u011bj\u0161\u00ed ne\u017e na v\u00fd\u0161e uveden\u00e9m grafu.<\/p>\n<h2>Kvalita ovzdu\u0161\u00ed na Silvestra 2018<\/h2>\n<p>Nejprve se pod\u00edvejme, jak vypadala situace na brn\u011bnsk\u00fdch stanic\u00edch. Odpalov\u00e1n\u00ed pyrotechniky se projevuje p\u0159edev\u0161\u00edm n\u00e1r\u016fstem koncentrac\u00ed suspendovan\u00fdch \u010d\u00e1stic a m\u016f\u017ee doch\u00e1zet tak\u00e9 k n\u00e1r\u016fstu koncentrac\u00ed oxid\u016f dus\u00edku &#8211; a to jak vlivem ho\u0159en\u00ed samotn\u00e9 pyrotechniky, tak zv\u00fd\u0161enou intenzitou dopravy. Co je d\u00e1le velmi d\u016fle\u017eit\u00e9 jsou meteorologick\u00e9 podm\u00ednky &#8211; sm\u011br a rychlost v\u011btru, teplotn\u00ed zvrstven\u00ed atmosf\u00e9ry, p\u0159\u00edpadn\u011b sr\u00e1\u017eky. Na p\u0159elomu roku 2018 a 2019 byly rozptylov\u00e9 podm\u00ednky sp\u00ed\u0161e nep\u0159\u00edzniv\u00e9. Roli zde hr\u00e1la p\u0159edev\u0161\u00edm velmi n\u00edzk\u00e1 rychlost v\u011btru, kter\u00e1 se na v\u011bt\u0161in\u011b stanic cel\u00fd ve\u010der pohybovala pod 1 m\/s. Takto n\u00edzk\u00e9 rychlosti v\u011btru znamenaj\u00ed, \u017ee se vzduch pomaleji prom\u00edch\u00e1v\u00e1 a proto se emise vznikl\u00e9 ho\u0159en\u00edm z\u00e1bavn\u00ed pyrotechniky dr\u017e\u00ed dlouho na stejn\u00e9m m\u00edst\u011b. Dob\u0159e je to vid\u011bt i na na\u010dasov\u00e1n\u00ed n\u00e1r\u016fstu koncentrac\u00ed, jak uvid\u00edme n\u00ed\u017ee.<\/p>\n<p>&nbsp;<\/p>\n<p>Uve\u010fme si tak\u00e9 imisn\u00ed limity, abychom mohli \u010d\u00edsla zasadit do kontextu. V \u010cesk\u00e9 republice jsou v z\u00e1kon\u011b o ochran\u011b ovzdu\u0161\u00ed definov\u00e1ny n\u00e1sleduj\u00edc\u00ed imisn\u00ed limity:<\/p>\n<table style=\"border-collapse: collapse; width: 100%;\" border=\"1\">\n<tbody>\n<tr>\n<td style=\"width: 50%;\">PM<sub>10<\/sub> (pr\u016fm\u011brn\u00e1 ro\u010dn\u00ed koncentrace)<\/td>\n<td style=\"width: 50%; text-align: right;\">40 \u00b5g\/m<sup>3<\/sup><\/td>\n<\/tr>\n<tr>\n<td style=\"width: 50%;\">PM<sub>10<\/sub> (pr\u016fm\u011brn\u00e1 24h koncentrace)<\/td>\n<td style=\"width: 50%; text-align: right;\">50 \u00b5g\/m<sup>3<\/sup><\/td>\n<\/tr>\n<tr>\n<td style=\"width: 50%;\">PM<sub>2,5<\/sub> (pr\u016fm\u011brn\u00e1 ro\u010dn\u00ed koncentrace)<\/td>\n<td style=\"width: 50%; text-align: right;\">25 \u00b5g\/m<sup>3<\/sup><\/td>\n<\/tr>\n<\/tbody>\n<\/table>\n<p>Dodejme je\u0161t\u011b, \u017ee Sv\u011btov\u00e1 zdravotnick\u00e1 organizace (WHO) doporu\u010duje pro \u010d\u00e1stice PM<sub>2,5<\/sub> ro\u010dn\u00ed maxim\u00e1ln\u00ed pr\u016fm\u011br pouh\u00fdch 10 \u00b5g\/m<sup>3<\/sup> a v \u010cR se imisn\u00ed limit pro ro\u010dn\u00ed pr\u016fm\u011br zm\u011bn\u00ed p\u0159esn\u011b za rok 1. ledna 2020, kdy bude sn\u00ed\u017een ze st\u00e1vaj\u00edc\u00edch 25 na 20 \u00b5g\/m<sup>3<\/sup>. Je ale t\u0159eba dodat, \u017ee neexistuje bezpe\u010dn\u00e1 spodn\u00ed hranice koncentrac\u00ed.<\/p>\n<p>&nbsp;<\/p>\n<p>Pro anal\u00fdzu pou\u017eijeme data za 24h periodu 31.12.2018 11:00 a\u017e 1.1.2018 11:00. Odpalov\u00e1n\u00ed pyrotechnick\u00fdch efekt\u016f toti\u017e ve skute\u010dnosti za\u010d\u00edn\u00e1 ji\u017e d\u0159\u00edve ne\u017e o p\u016flnoci, nav\u00edc budeme m\u00edt srovn\u00e1n\u00ed s p\u0159edchoz\u00edm odpolednem a n\u00e1sleduj\u00edc\u00edm dopolednem. Data vych\u00e1z\u00ed z brn\u011bnsk\u00fdch automatick\u00fdch stanic &#8211; z manu\u00e1ln\u00edch jsou k dispozici pouze denn\u00ed data a to a\u017e se zpo\u017ed\u011bn\u00edm, proto nen\u00ed mo\u017en\u00e9 sledovat denn\u00ed pr\u016fb\u011bh.<\/p>\n<p>Nejv\u00edce se letos podepsalo odpalov\u00e1n\u00ed oh\u0148ostroj\u016f na koncentrac\u00edch PM<sub>10<\/sub>, tedy suspendovan\u00fdch \u010d\u00e1stic s aerodynamick\u00fdm pr\u016fm\u011brem do 10 \u00b5m, na stanice D\u011btsk\u00e1 nemocnice. Jedn\u00e1 se o poza\u010fovou stanici kousek od centra m\u011bsta Brna. Roli zde m\u016f\u017ee hr\u00e1t jak um\u00edst\u011bn\u00ed pobl\u00ed\u017e centra, tak fakt, \u017ee je stanice na m\u00edrn\u00e9m kopci, tud\u00ed\u017e kou\u0159ov\u00fd oblak z pyrotechniky odpalovan\u00e9 v ur\u010dit\u00e9 v\u00fd\u0161ce se m\u016f\u017ee posouvat v t\u00e9to hladin\u011b a &#8222;p\u0159\u00edmo zas\u00e1hnout&#8220; pr\u00e1v\u011b stanici na kopci.<\/p>\n<p>&nbsp;<\/p>\n<figure id=\"attachment_1811\" aria-describedby=\"caption-attachment-1811\" style=\"width: 1024px\" class=\"wp-caption aligncenter\"><a href=\"http:\/\/chmibrno.org\/blog\/2019\/01\/02\/vysoke-koncentrace-suspendovanych-castic-v-dusledku-silvestrovskych-oslav\/dnasilvestr\/#main\" rel=\"attachment wp-att-1811\"><img decoding=\"async\" class=\"wp-image-1811 size-large\" src=\"http:\/\/chmibrno.org\/blog\/wp-content\/uploads\/2019\/01\/DNAsilvestr-1024x544.png\" alt=\"\" width=\"1024\" height=\"544\" srcset=\"https:\/\/www.enviblog.cz\/blog\/wp-content\/uploads\/2019\/01\/DNAsilvestr-1024x544.png 1024w, https:\/\/www.enviblog.cz\/blog\/wp-content\/uploads\/2019\/01\/DNAsilvestr-300x159.png 300w, https:\/\/www.enviblog.cz\/blog\/wp-content\/uploads\/2019\/01\/DNAsilvestr-768x408.png 768w, https:\/\/www.enviblog.cz\/blog\/wp-content\/uploads\/2019\/01\/DNAsilvestr.png 1437w\" sizes=\"(max-width: 1024px) 100vw, 1024px\" \/><\/a><figcaption id=\"caption-attachment-1811\" class=\"wp-caption-text\"><span style=\"font-size: 10pt;\"><em>Pr\u016fb\u011bh koncentrac\u00ed PM<sub>10<\/sub> na stanici Brno-D\u011btsk\u00e1 nemocnice, v obdob\u00ed od 31.12.2018 11:00 do 1.1.2019 11:00 (SE\u010c)<br \/><\/em><\/span><\/figcaption><\/figure>\n<p>&nbsp;<\/p>\n<figure id=\"attachment_1835\" aria-describedby=\"caption-attachment-1835\" style=\"width: 1024px\" class=\"wp-caption aligncenter\"><a href=\"http:\/\/chmibrno.org\/blog\/2019\/01\/02\/vysoke-koncentrace-suspendovanych-castic-v-dusledku-silvestrovskych-oslav\/20190101_160300\/#main\" rel=\"attachment wp-att-1835\"><img decoding=\"async\" class=\"wp-image-1835 size-large\" src=\"http:\/\/chmibrno.org\/blog\/wp-content\/uploads\/2019\/01\/20190101_160300-1024x768.jpg\" alt=\"\" width=\"1024\" height=\"768\" srcset=\"https:\/\/www.enviblog.cz\/blog\/wp-content\/uploads\/2019\/01\/20190101_160300-1024x768.jpg 1024w, https:\/\/www.enviblog.cz\/blog\/wp-content\/uploads\/2019\/01\/20190101_160300-300x225.jpg 300w, https:\/\/www.enviblog.cz\/blog\/wp-content\/uploads\/2019\/01\/20190101_160300-768x576.jpg 768w, https:\/\/www.enviblog.cz\/blog\/wp-content\/uploads\/2019\/01\/20190101_160300.jpg 2000w\" sizes=\"(max-width: 1024px) 100vw, 1024px\" \/><\/a><figcaption id=\"caption-attachment-1835\" class=\"wp-caption-text\"><span style=\"font-size: 10pt;\"><em>Ulice pobl\u00ed\u017e brn\u011bnsk\u00e9 D\u011btsk\u00e9 nemocnice, 1. ledna 2019 v rann\u00edch hodin\u00e1ch. Foto: J\u00e1chym Brzezina<\/em><\/span><\/figcaption><\/figure>\n<p>&nbsp;<\/p>\n<p>Jak vid\u00edme z grafu, je zde patrn\u00fd velmi v\u00fdrazn\u00fd n\u00e1r\u016fst a to ji\u017e od p\u0159ibli\u017en\u011b 18 h. Maxim\u00e1ln\u00ed pr\u016fm\u011brn\u00e1 hodinov\u00e1 koncentrace 182 \u00b5g\/m<sup>3<\/sup> byla zaznamen\u00e1na mezi 1:00 a 2:00. To v\u00edcem\u00e9n\u011b odpov\u00edd\u00e1 maxim\u00e1ln\u00ed m\u00ed\u0159e odpalov\u00e1n\u00ed o p\u016flnoci, kdy vzhledem k n\u00edzk\u00e9 rychlosti v\u011btru ur\u010ditou dobu trv\u00e1, ne\u017e se koncentrace projev\u00ed na t\u00e9to poza\u010fov\u00e9 stanici. V 18 h byly koncentrace 13 \u00b5g\/m<sup>3<\/sup>, tedy o 4 \u00b5g\/m<sup>3<\/sup> ni\u017e\u0161\u00ed ne\u017e o hodinu d\u0159\u00edve &#8211; toto odpov\u00edd\u00e1 standardn\u00ed situaci, kdy utich\u00e1 odpoledn\u00ed dopravn\u00ed \u0161pi\u010dka. Po 18 h ale nenast\u00e1v\u00e1 klasick\u00fd pokles ale naopak v\u00fdrazn\u00fd n\u00e1r\u016fst. O 6 h pozd\u011bji ji\u017e byly koncentrace v\u00edce ne\u017e desetin\u00e1sobn\u00e9. N\u00e1r\u016fst ale nebyl pozorov\u00e1n pouze na stanici Brno-D\u011btsk\u00e1 nemocnice. Projevil se v\u00edcem\u00e9n\u011b na v\u0161ech brn\u011bnsk\u00fdch stanic\u00edch, ale i stanic\u00edch jinde v kraji, s v\u00fdjimkou stanic venkovsk\u00fdch. N\u00e1sleduj\u00edc\u00ed graf ukazuje souhrn v\u0161ech stanic v Brn\u011b.<\/p>\n<p>&nbsp;<\/p>\n<figure id=\"attachment_1812\" aria-describedby=\"caption-attachment-1812\" style=\"width: 1024px\" class=\"wp-caption aligncenter\"><a href=\"http:\/\/chmibrno.org\/blog\/2019\/01\/02\/vysoke-koncentrace-suspendovanych-castic-v-dusledku-silvestrovskych-oslav\/brnosilvestr\/#main\" rel=\"attachment wp-att-1812\"><img loading=\"lazy\" decoding=\"async\" class=\"wp-image-1812 size-large\" src=\"http:\/\/chmibrno.org\/blog\/wp-content\/uploads\/2019\/01\/brnoSilvestr-1024x392.png\" alt=\"\" width=\"1024\" height=\"392\" srcset=\"https:\/\/www.enviblog.cz\/blog\/wp-content\/uploads\/2019\/01\/brnoSilvestr-1024x392.png 1024w, https:\/\/www.enviblog.cz\/blog\/wp-content\/uploads\/2019\/01\/brnoSilvestr-300x115.png 300w, https:\/\/www.enviblog.cz\/blog\/wp-content\/uploads\/2019\/01\/brnoSilvestr-768x294.png 768w\" sizes=\"(max-width: 1024px) 100vw, 1024px\" \/><\/a><figcaption id=\"caption-attachment-1812\" class=\"wp-caption-text\"><span style=\"font-size: 10pt;\"><em>Pr\u016fb\u011bh koncentrac\u00ed PM<sub>10<\/sub> na brn\u011bnsk\u00fdch stanic\u00edch za 24h periodu 31.12.2018 a\u017e 1.1.2019, 11:00-11:00 (SE\u010c)<br \/><\/em><\/span><\/figcaption><\/figure>\n<p>&nbsp;<\/p>\n<p>Z grafu vid\u00edme tak\u0159ka shodn\u00fd trend na v\u0161ech stanic\u00edch, na n\u011bkter\u00fdch jsou n\u00e1r\u016fsty vy\u0161\u0161\u00ed. V\u0161imnout si m\u016f\u017eeme nap\u0159\u00edklad maxima v Tu\u0159anech (sv\u011btle modr\u00e1 \u010d\u00e1ra), kde ho bylo dosa\u017eeno a\u017e kolem 4 h rann\u00ed. Stanice Brno-Tu\u0159any je poza\u010fovou p\u0159edm\u011bstskou stanic\u00ed, um\u00edst\u011bnou p\u0159\u00edmo v are\u00e1lu brn\u011bnsk\u00e9ho leti\u0161t\u011b. Stanice je tedy a\u017e za m\u011bstem a oblak z pyrotechniky sem putoval d\u00e9le. Vid\u00edme tak\u00e9, \u017ee je\u0161t\u011b v 11 h n\u00e1sleduj\u00edc\u00edho dne byly koncentrace vy\u0161\u0161\u00ed, ne\u017e odpoledne na Silvestra. Vzhledem k faktu, \u017ee 1. ledna je st\u00e1tn\u00ed sv\u00e1tek, zde nelze o\u010dek\u00e1vat rann\u00ed dopravn\u00ed \u0161pi\u010dku a jedn\u00e1 se tedy st\u00e1le o dopad odpalov\u00e1n\u00ed z\u00e1bavn\u00ed pyrotechniky.<\/p>\n<p>Nyn\u00ed se pod\u00edvejme na koncentrace jemn\u011bj\u0161\u00ed frakce PM<sub>2,5<\/sub>, tedy \u010d\u00e1stice o aerodynamick\u00e9m pr\u016fm\u011bru do 2,5 \u00b5m. \u010c\u00e1stice t\u00e9to frakce jsou ze zdravotn\u00edho hlediska nebezpe\u010dn\u011bj\u0161\u00ed. Obecn\u011b toti\u017e plat\u00ed, \u017ee \u010d\u00edm je \u010d\u00e1stice men\u0161\u00ed, t\u00edm hloub\u011bji pronik\u00e1 do d\u00fdchac\u00edho syst\u00e9mu, ty nejmen\u0161\u00ed, tzv. nano\u010d\u00e1stice, a\u017e p\u0159\u00edmo do krevn\u00edho ob\u011bhu. \u010c\u00e1stice PM<sub>2,5<\/sub> vznikaj\u00ed p\u0159i spalovac\u00edch procesech, tedy pr\u00e1v\u011b pyrotechnick\u00fdch efektech. V\u0161echny \u010d\u00e1stice PM<sub>2,5<\/sub> jsou z\u00e1rove\u0148 \u010d\u00e1sticemi PM<sub>10<\/sub>, proto jsou koncentrace PM<sub>10<\/sub> v\u017edy vy\u0161\u0161\u00ed. Na obr\u00e1zku n\u00ed\u017ee vid\u00edme op\u011bt graf koncentrac\u00ed PM z D\u011btsk\u00e9 nemocnice, tentokr\u00e1t i s koncentracemi PM<sub>2,5<\/sub>. Je vid\u011bt tak\u0159ka shodn\u00fd pr\u016fb\u011bh a pov\u0161imn\u011bme si tak\u00e9 faktu, \u017ee koncentrace PM<sub>2,5<\/sub> byly velmi bl\u00edzk\u00e9 koncentrac\u00edm PM<sub>10<\/sub>. To je vcelku o\u010dek\u00e1vateln\u00e9, proto\u017ee pyrotechnick\u00e9 efekty jsou spalovac\u00edmi procesy a p\u0159i t\u011bch pr\u00e1v\u011b \u010d\u00e1stice t\u00e9to velikosti vznikaj\u00ed.<\/p>\n<figure id=\"attachment_1818\" aria-describedby=\"caption-attachment-1818\" style=\"width: 1024px\" class=\"wp-caption aligncenter\"><a href=\"http:\/\/chmibrno.org\/blog\/2019\/01\/02\/vysoke-koncentrace-suspendovanych-castic-v-dusledku-silvestrovskych-oslav\/dnapm25\/#main\" rel=\"attachment wp-att-1818\"><img loading=\"lazy\" decoding=\"async\" class=\"wp-image-1818 size-large\" src=\"http:\/\/chmibrno.org\/blog\/wp-content\/uploads\/2019\/01\/DNAPM25-1024x544.png\" alt=\"\" width=\"1024\" height=\"544\" srcset=\"https:\/\/www.enviblog.cz\/blog\/wp-content\/uploads\/2019\/01\/DNAPM25-1024x544.png 1024w, https:\/\/www.enviblog.cz\/blog\/wp-content\/uploads\/2019\/01\/DNAPM25-300x159.png 300w, https:\/\/www.enviblog.cz\/blog\/wp-content\/uploads\/2019\/01\/DNAPM25-768x408.png 768w, https:\/\/www.enviblog.cz\/blog\/wp-content\/uploads\/2019\/01\/DNAPM25.png 1437w\" sizes=\"(max-width: 1024px) 100vw, 1024px\" \/><\/a><figcaption id=\"caption-attachment-1818\" class=\"wp-caption-text\"><em><span style=\"font-size: 10pt;\">Hodinov\u00e9 koncentrace PM<sub>10<\/sub> a PM<sub>2,5<\/sub> na stanici Brno-D\u011btsk\u00e1 nemocnice v obdob\u00ed 31.12.2018 11:00 a\u017e 1.1.2019 11:00 (SE\u010c)<br \/><\/span><\/em><\/figcaption><\/figure>\n<p>Nyn\u00ed se pod\u00edvejme pro ilustraci, jak to vypadalo na silvestrovskou noc na stanici na observato\u0159i v Ko\u0161etic\u00edch. Jedn\u00e1 se o stanici um\u00edst\u011bnou na zcela odlehl\u00e9m, trvale neobydlen\u00e9m m\u00edst\u011b na Vyso\u010din\u011b. V grafu jsme z\u00e1m\u011brn\u011b nechali osu Y ve stejn\u00e9m rozsahu, jako v p\u0159\u00edpad\u011b D\u011btsk\u00e9 nemocnice.<\/p>\n<p>&nbsp;<\/p>\n<figure id=\"attachment_1813\" aria-describedby=\"caption-attachment-1813\" style=\"width: 1024px\" class=\"wp-caption aligncenter\"><a href=\"http:\/\/chmibrno.org\/blog\/2019\/01\/02\/vysoke-koncentrace-suspendovanych-castic-v-dusledku-silvestrovskych-oslav\/koseticepm10\/#main\" rel=\"attachment wp-att-1813\"><img loading=\"lazy\" decoding=\"async\" class=\"wp-image-1813 size-large\" src=\"http:\/\/chmibrno.org\/blog\/wp-content\/uploads\/2019\/01\/koseticePM10-1024x544.png\" alt=\"\" width=\"1024\" height=\"544\" srcset=\"https:\/\/www.enviblog.cz\/blog\/wp-content\/uploads\/2019\/01\/koseticePM10-1024x544.png 1024w, https:\/\/www.enviblog.cz\/blog\/wp-content\/uploads\/2019\/01\/koseticePM10-300x159.png 300w, https:\/\/www.enviblog.cz\/blog\/wp-content\/uploads\/2019\/01\/koseticePM10-768x408.png 768w, https:\/\/www.enviblog.cz\/blog\/wp-content\/uploads\/2019\/01\/koseticePM10.png 1437w\" sizes=\"(max-width: 1024px) 100vw, 1024px\" \/><\/a><figcaption id=\"caption-attachment-1813\" class=\"wp-caption-text\"><em><span style=\"font-size: 10pt;\">Pr\u016fb\u011bh koncentrac\u00ed PM<sub>10<\/sub> na stanici Ko\u0161etice, v obdob\u00ed od 31.12.2018 11:00 do 1.1.2019 11:00 (SE\u010c)<br \/><\/span><\/em><\/figcaption><\/figure>\n<p>&nbsp;<\/p>\n<p>Na grafu vid\u00edme na Silvestra pouze nev\u00fdraznou dopoledn\u00ed i odpoledn\u00ed \u0161pi\u010dku. Pak nastupuje no\u010dn\u00ed pokles. Vid\u00edme obrovsk\u00fd kontrast mezi m\u011bstskou poza\u010fovou a venkovskou poza\u010fovou stanic\u00ed, v\u00a0grafu nen\u00ed viditeln\u00fd p\u00edk, kter\u00fd bychom mohli p\u0159isoudit odpalov\u00e1n\u00ed pyrotechnick\u00fdch v\u00fdrobk\u016f.<\/p>\n<p>Podobn\u00e1 situace jako v Brn\u011b je ve v\u0161ech v\u011bt\u0161\u00edch m\u011bstech. Pod\u00edvejme se je\u0161t\u011b do na\u0161eho hlavn\u00edho m\u011bsta Prahy. Tady se stejn\u011b jako v Brn\u011b zam\u011b\u0159\u00edme na dv\u011b stanice, kter\u00e9 jsou bl\u00edzko centra &#8211; konkr\u00e9tn\u011b na stanici na N\u00e1m\u011bst\u00ed Republiky a stanici Karl\u00edn. Pro srovn\u00e1n\u00ed zahrneme i v\u00fd\u0161e uvedenou stanici Brno-D\u011btsk\u00e1 nemocnice.<\/p>\n<figure id=\"attachment_1815\" aria-describedby=\"caption-attachment-1815\" style=\"width: 1024px\" class=\"wp-caption aligncenter\"><a href=\"http:\/\/chmibrno.org\/blog\/2019\/01\/02\/vysoke-koncentrace-suspendovanych-castic-v-dusledku-silvestrovskych-oslav\/pm10silvestr\/#main\" rel=\"attachment wp-att-1815\"><img loading=\"lazy\" decoding=\"async\" class=\"wp-image-1815 size-large\" src=\"http:\/\/chmibrno.org\/blog\/wp-content\/uploads\/2019\/01\/pm10Silvestr-1024x544.png\" alt=\"\" width=\"1024\" height=\"544\" srcset=\"https:\/\/www.enviblog.cz\/blog\/wp-content\/uploads\/2019\/01\/pm10Silvestr-1024x544.png 1024w, https:\/\/www.enviblog.cz\/blog\/wp-content\/uploads\/2019\/01\/pm10Silvestr-300x159.png 300w, https:\/\/www.enviblog.cz\/blog\/wp-content\/uploads\/2019\/01\/pm10Silvestr-768x408.png 768w, https:\/\/www.enviblog.cz\/blog\/wp-content\/uploads\/2019\/01\/pm10Silvestr.png 1437w\" sizes=\"(max-width: 1024px) 100vw, 1024px\" \/><\/a><figcaption id=\"caption-attachment-1815\" class=\"wp-caption-text\"><span style=\"font-size: 10pt;\"><em>Hodinov\u00e9 koncentrace PM<sub>10<\/sub> na stanic\u00edch Praha-N\u00e1m\u011bst\u00ed Republiky (oran\u017eov\u011b), Praha-Karl\u00edn (mod\u0159e) a Brno-D\u011btsk\u00e1 nemocnice (\u0161ed\u011b). 31.12.2018-1.1.2019 (SE\u010c)<br \/><\/em><\/span><\/figcaption><\/figure>\n<p>&nbsp;<\/p>\n<p>Jak je vid\u011bt, na stanic\u00edch v centru Prahy byl n\u00e1r\u016fst je\u0161t\u011b v\u00fdrazn\u011bj\u0161\u00ed a to ji\u017e mezi 0:00 a 1:00. Na stanici N\u00e1m\u011bst\u00ed Republiky dos\u00e1hly koncentrace a\u017e 276 \u00b5g\/m<sup>3<\/sup>, je\u0161t\u011b ve 22:00 p\u0159itom byly jen o n\u011bco vy\u0161\u0161\u00ed ne\u017e 50 \u00b5g\/m<sup>3<\/sup>, co\u017e je imisn\u00ed limit pro pr\u016fm\u011brnou 24h koncentraci. Na stanici Praha-Karl\u00edn do\u0161lo k n\u00e1r\u016fstu na 126 \u00b5g\/m<sup>3<\/sup>, tedy o n\u011bco m\u00e9n\u011b, n\u011b\u017e na stanici Brno-D\u011btsk\u00e1 nemocnice, shodn\u011b s N\u00e1m\u011bst\u00edm Republiky ji\u017e mezi 0:00 a 1:00.<\/p>\n<figure id=\"attachment_1817\" aria-describedby=\"caption-attachment-1817\" style=\"width: 1024px\" class=\"wp-caption aligncenter\"><a href=\"http:\/\/chmibrno.org\/blog\/2019\/01\/02\/vysoke-koncentrace-suspendovanych-castic-v-dusledku-silvestrovskych-oslav\/srovnanisilvestr\/#main\" rel=\"attachment wp-att-1817\"><img loading=\"lazy\" decoding=\"async\" class=\"wp-image-1817 size-large\" src=\"http:\/\/chmibrno.org\/blog\/wp-content\/uploads\/2019\/01\/srovnaniSilvestr-1024x544.png\" alt=\"\" width=\"1024\" height=\"544\" srcset=\"https:\/\/www.enviblog.cz\/blog\/wp-content\/uploads\/2019\/01\/srovnaniSilvestr-1024x544.png 1024w, https:\/\/www.enviblog.cz\/blog\/wp-content\/uploads\/2019\/01\/srovnaniSilvestr-300x159.png 300w, https:\/\/www.enviblog.cz\/blog\/wp-content\/uploads\/2019\/01\/srovnaniSilvestr-768x408.png 768w, https:\/\/www.enviblog.cz\/blog\/wp-content\/uploads\/2019\/01\/srovnaniSilvestr.png 1437w\" sizes=\"(max-width: 1024px) 100vw, 1024px\" \/><\/a><figcaption id=\"caption-attachment-1817\" class=\"wp-caption-text\"><span style=\"font-size: 10pt;\"><em>Pr\u016fb\u011bh koncentrac\u00ed PM<sub>10<\/sub> na stanic\u00edch Praha-N\u00e1m\u011bst\u00ed Republiky a Brno-D\u011btsk\u00e1 nemocnice, v obdob\u00ed od 31.12.2018 11:00 do 1.1.2019 11:00 a za stejn\u00e9 obdob\u00ed o rok d\u0159\u00edve (SE\u010c)<br \/><\/em><\/span><\/figcaption><\/figure>\n<p>&nbsp;<\/p>\n<p>Na grafu v\u00fd\u0161e vid\u00edme srovn\u00e1n\u00ed koncentrac\u00ed na stanic\u00edch Praha-N\u00e1m\u011bst\u00ed Republiky a Brno-D\u011btsk\u00e1 nemocnice p\u0159i Silvestru 2017 a 2018. Je vid\u011bt, \u017ee koncentrace v Praze byly letos v\u00fdrazn\u011b vy\u0161\u0161\u00ed. V Brn\u011b na stanici D\u011btsk\u00e1 nemocnice bylo sice celkov\u00e9 maximum podobn\u00e9, av\u0161ak v roce 2017 byly ji\u017e po\u010d\u00e1te\u010dn\u00ed koncentrace v pr\u016fb\u011bhu dne vy\u0161\u0161\u00ed, proto byl v roce 2018 n\u00e1r\u016fst tak\u00e9 v\u00fdrazn\u011bj\u0161\u00ed. Jak jsme ji\u017e \u0159ekli, velmi d\u016fle\u017eit\u00fdm parametrem je rychlost v\u011btru. Na n\u00e1sleduj\u00edc\u00edch dvou grafech vid\u00edme 10minutov\u00e9 rychlosti v\u011btru z obdob\u00ed 31.12. 12:00 do 1.1. 11:50, pro roky 2017\/2018 a 2018\/2019. Data jsou ze stanice Brno-Zvona\u0159ka (na stanici D\u011btsk\u00e1 nemocnice se rychlost v\u011btru nem\u011b\u0159\u00ed) a Praha-Libu\u0161 (data o rychlosti v\u011btru ze stanice n\u00e1m\u011bst\u00ed Republiky nejsou z tohoto obdob\u00ed k dispozici). Op\u011bt jsme z\u00e1m\u011brn\u011b pou\u017eili stejn\u00e9 m\u011b\u0159\u00edtko osy Y pro snaz\u0161\u00ed srovn\u00e1n\u00ed obou m\u011bst.<\/p>\n<figure id=\"attachment_1821\" aria-describedby=\"caption-attachment-1821\" style=\"width: 1024px\" class=\"wp-caption aligncenter\"><a href=\"http:\/\/chmibrno.org\/blog\/2019\/01\/02\/vysoke-koncentrace-suspendovanych-castic-v-dusledku-silvestrovskych-oslav\/libusvitr-2\/#main\" rel=\"attachment wp-att-1821\"><img loading=\"lazy\" decoding=\"async\" class=\"wp-image-1821 size-large\" src=\"http:\/\/chmibrno.org\/blog\/wp-content\/uploads\/2019\/01\/libusVitr-1-1024x577.png\" alt=\"\" width=\"1024\" height=\"577\" srcset=\"https:\/\/www.enviblog.cz\/blog\/wp-content\/uploads\/2019\/01\/libusVitr-1-1024x577.png 1024w, https:\/\/www.enviblog.cz\/blog\/wp-content\/uploads\/2019\/01\/libusVitr-1-300x169.png 300w, https:\/\/www.enviblog.cz\/blog\/wp-content\/uploads\/2019\/01\/libusVitr-1-768x433.png 768w, https:\/\/www.enviblog.cz\/blog\/wp-content\/uploads\/2019\/01\/libusVitr-1.png 1231w\" sizes=\"(max-width: 1024px) 100vw, 1024px\" \/><\/a><figcaption id=\"caption-attachment-1821\" class=\"wp-caption-text\"><span style=\"font-size: 10pt;\"><em>10min rychlosti v\u011btru na stanici Praha-Libu\u0161 v obdob\u00ed 12:00-11:50, 31.12\/1.1. 2017\/2018 a 2018\/2019 (SE\u010c) <\/em><\/span><\/figcaption><\/figure>\n<figure id=\"attachment_1820\" aria-describedby=\"caption-attachment-1820\" style=\"width: 1024px\" class=\"wp-caption aligncenter\"><a href=\"http:\/\/chmibrno.org\/blog\/2019\/01\/02\/vysoke-koncentrace-suspendovanych-castic-v-dusledku-silvestrovskych-oslav\/zvonarkavitr\/#main\" rel=\"attachment wp-att-1820\"><img loading=\"lazy\" decoding=\"async\" class=\"wp-image-1820 size-large\" src=\"http:\/\/chmibrno.org\/blog\/wp-content\/uploads\/2019\/01\/zvonarkaVitr-1024x577.png\" alt=\"\" width=\"1024\" height=\"577\" srcset=\"https:\/\/www.enviblog.cz\/blog\/wp-content\/uploads\/2019\/01\/zvonarkaVitr-1024x577.png 1024w, https:\/\/www.enviblog.cz\/blog\/wp-content\/uploads\/2019\/01\/zvonarkaVitr-300x169.png 300w, https:\/\/www.enviblog.cz\/blog\/wp-content\/uploads\/2019\/01\/zvonarkaVitr-768x433.png 768w, https:\/\/www.enviblog.cz\/blog\/wp-content\/uploads\/2019\/01\/zvonarkaVitr.png 1231w\" sizes=\"(max-width: 1024px) 100vw, 1024px\" \/><\/a><figcaption id=\"caption-attachment-1820\" class=\"wp-caption-text\">10min rychlosti v\u011btru na stanici Brno-Zvona\u0159ka v obdob\u00ed 12:00-11:50, 31.12\/1.1. 2017\/2018 a 2018\/2019 (SE\u010c)<\/figcaption><\/figure>\n<p>&nbsp;<\/p>\n<p>Pokud se zam\u011b\u0159\u00edme na obdob\u00ed kolem p\u016flnoci, vid\u00edme, \u017ee mezi roky 2017 a 2018 nen\u00ed na stanic\u00edch, co se rychlosti v\u011btru t\u00fdk\u00e1, p\u0159\u00edli\u0161 velk\u00fd rozd\u00edl. Pravd\u011bpodobn\u011b tedy byl leto\u0161n\u00ed v\u00fdrazn\u00fd n\u00e1r\u016fst koncentrac\u00ed na stanici D\u011btsk\u00e1 nemocnice v\u00a0obdob\u00ed kolem p\u016flnoci d\u00e1n vy\u0161\u0161\u00edm mno\u017estv\u00edm odpalovan\u00e9 pyrotechniky.<\/p>\n<p>V Ostrav\u011b se vysok\u00e9 koncentrace PM<sub>10<\/sub> projevily zejm\u00e9na na p\u0159edm\u011bstsk\u00e9 stanici Ostrava-Kun\u010di\u010dky, kde rovn\u011b\u017e do\u0161lo k v\u00fdrazn\u00e9mu n\u00e1r\u016fstu kolem 1 h rann\u00ed, 1.1.2019.<\/p>\n<figure id=\"attachment_1865\" aria-describedby=\"caption-attachment-1865\" style=\"width: 1024px\" class=\"wp-caption aligncenter\"><a href=\"http:\/\/chmibrno.org\/blog\/2019\/01\/02\/vysoke-koncentrace-suspendovanych-castic-v-dusledku-silvestrovskych-oslav\/kuncicky-2\/#main\" rel=\"attachment wp-att-1865\"><img loading=\"lazy\" decoding=\"async\" class=\"wp-image-1865 size-large\" src=\"http:\/\/chmibrno.org\/blog\/wp-content\/uploads\/2019\/01\/kuncicky-1-1024x559.png\" alt=\"\" width=\"1024\" height=\"559\" srcset=\"https:\/\/www.enviblog.cz\/blog\/wp-content\/uploads\/2019\/01\/kuncicky-1-1024x559.png 1024w, https:\/\/www.enviblog.cz\/blog\/wp-content\/uploads\/2019\/01\/kuncicky-1-300x164.png 300w, https:\/\/www.enviblog.cz\/blog\/wp-content\/uploads\/2019\/01\/kuncicky-1-768x419.png 768w, https:\/\/www.enviblog.cz\/blog\/wp-content\/uploads\/2019\/01\/kuncicky-1.png 1348w\" sizes=\"(max-width: 1024px) 100vw, 1024px\" \/><\/a><figcaption id=\"caption-attachment-1865\" class=\"wp-caption-text\">Pr\u016fb\u011bh koncentrac\u00ed PM10 na stanici Ostrava-Kun\u010di\u010dky, v obdob\u00ed od 31.12.2018 11:00 do 1.1.2019 11:00 (SE\u010c)<\/figcaption><\/figure>\n<p>&nbsp;<\/p>\n<p>&nbsp;<\/p>\n<figure id=\"attachment_1830\" aria-describedby=\"caption-attachment-1830\" style=\"width: 768px\" class=\"wp-caption aligncenter\"><a href=\"http:\/\/chmibrno.org\/blog\/2019\/01\/02\/vysoke-koncentrace-suspendovanych-castic-v-dusledku-silvestrovskych-oslav\/20190101_090524-2\/#main\" rel=\"attachment wp-att-1830\"><img loading=\"lazy\" decoding=\"async\" class=\"wp-image-1830 size-large\" src=\"http:\/\/chmibrno.org\/blog\/wp-content\/uploads\/2019\/01\/20190101_090524-1-768x1024.jpg\" alt=\"\" width=\"768\" height=\"1024\" srcset=\"https:\/\/www.enviblog.cz\/blog\/wp-content\/uploads\/2019\/01\/20190101_090524-1-768x1024.jpg 768w, https:\/\/www.enviblog.cz\/blog\/wp-content\/uploads\/2019\/01\/20190101_090524-1-225x300.jpg 225w, https:\/\/www.enviblog.cz\/blog\/wp-content\/uploads\/2019\/01\/20190101_090524-1.jpg 1500w\" sizes=\"(max-width: 768px) 100vw, 768px\" \/><\/a><figcaption id=\"caption-attachment-1830\" class=\"wp-caption-text\"><em><span style=\"font-size: 10pt;\">N\u00e1sledky odpalov\u00e1n\u00ed pyrotechnick\u00fdch efekt\u016f v ulic\u00edch Brna 1. 1. 2019 (roh ulic Jana Uhra a Jir\u00e1skova, 1. 1. 2019, 8:00). Foto: J\u00e1chym Brzezina<\/span><\/em><\/figcaption><\/figure>\n<p>\u010cHM\u00da Brno prov\u00e1d\u011blo v lo\u0148sk\u00e9m roce i m\u011b\u0159en\u00ed b\u011bhem oh\u0148ostrojov\u00e9 p\u0159ehl\u00eddky na brn\u011bnsk\u00e9 p\u0159ehrad\u011b. B\u011bhem n\u00ed byly odpalov\u00e1ny profesion\u00e1ln\u00ed &#8222;velk\u00e9&#8220; oh\u0148ostroje. B\u011bhem nich v\u0161ak nikdy nedo\u0161lo k tak vysok\u00e9mu n\u00e1r\u016fstu koncentrac\u00ed (celkov\u00e9 maximum ze v\u0161ech \u010dty\u0159 oh\u0148ostroj\u016f pro PM<sub>10<\/sub> bylo 50 \u00b5g\/m<sup>3<\/sup>), nav\u00edc na \u017e\u00e1dn\u00e9 ze stanic v Brn\u011b, krom\u011b \u00fa\u010delov\u00e9ho m\u011b\u0159en\u00ed p\u0159\u00edmo na p\u0159ehrad\u011b, se oh\u0148ostroje neprojevily. Z toho plyne z\u00e1v\u011br, \u017ee drobn\u00e1 pyrotechnika odpalovan\u00e1 jednotlivci b\u011bhem Silvestra m\u00e1 mnohon\u00e1sobn\u011b vy\u0161\u0161\u00ed vliv na celkovou kvalitu ovzdu\u0161\u00ed ve m\u011bstech, ne\u017e jeden velk\u00fd oh\u0148ostroj.<\/p>\n<h2>Z\u00e1v\u011br<\/h2>\n<ul>\n<li><strong>Odpalov\u00e1n\u00ed z\u00e1bavn\u00ed pyrotechniky velmi v\u00fdrazn\u011b, by\u0165 kr\u00e1tkodob\u011b (n\u011bkolik hodin p\u0159ed a po p\u016flnoci), zvy\u0161uje koncentrace suspendovan\u00fdch \u010d\u00e1stic na m\u011bstsk\u00fdch stanic\u00edch.<\/strong><\/li>\n<li><strong>V Praze byla nejvy\u0161\u0161\u00ed koncentrace na stanici n\u00e1m\u011bst\u00ed Republiky mezi 0:00 a\u017e 1:00 (276\u00a0\u00b5g\/m<sup>3<\/sup>), v Brn\u011b na stanici D\u011btsk\u00e1 nemocnice, mezi 1:00 a\u017e 2:00 (182\u00a0\u00b5g\/m<sup>3<\/sup>). Denn\u00ed pr\u016fm\u011brn\u00e1 koncentrace PM10 na stanici n\u00e1m\u011bst\u00ed Republiky 31.12.2018 byla na hranici 24h imisn\u00edho limitu (50 \u00b5g\/m<sup>3<\/sup>), na stanici D\u011btsk\u00e1 nemocnice byla pr\u016fm\u011brn\u00e1 denn\u00ed koncentrace 54 \u00b5g\/m<sup>3<\/sup> a do\u0161lo tak k p\u0159ekro\u010den\u00ed 24h imisn\u00edho limitu pro PM<sub>10.<\/sub><\/strong><\/li>\n<li><strong>Vliv oh\u0148ostroj\u016f (resp. jednotlivci odpalovan\u00fdch pyrotechnick\u00fdch v\u00fdrobk\u016f) na Silvestra je v\u00a0celkov\u00e9m sou\u010dtu v\u00fdrazn\u011b vy\u0161\u0161\u00ed, ne\u017e nap\u0159\u00edklad jeden velk\u00fd oh\u0148ostroj.<\/strong><\/li>\n<li><strong>Odpalov\u00e1n\u00edm se do ovzdu\u0161\u00ed dost\u00e1vaj\u00ed p\u0159edev\u0161\u00edm men\u0161\u00ed \u010d\u00e1stice frakce PM<sub>2,5<\/sub>, kter\u00e9 jsou zdravotn\u011b nebezpe\u010dn\u011bj\u0161\u00ed. WHO doporu\u010duje sn\u00ed\u017een\u00ed pr\u016fm\u011brn\u00e9 ro\u010dn\u00ed koncentrace PM<sub>2,5<\/sub> na 10 \u00b5g\/m<sup>3<\/sup>. Nap\u0159\u00edklad na stanici D\u011btsk\u00e1 nemocnice byly koncentrace PM<sub>2,5<\/sub> po p\u016flnoci 1.1.2019 vy\u0161\u0161\u00ed ne\u017e 150 \u00b5g\/m<sup>3<\/sup>. Jednalo se sice o kr\u00e1tkodobou hodnotu, ale tyto kr\u00e1tkodob\u00e9 n\u00e1r\u016fsty, pro kter\u00e9 nejsou p\u0159esn\u011b d\u00e1ny limity, m\u016f\u017eou rovn\u011b\u017e zp\u016fsobovat zdravotn\u00ed komplikace [1].<\/strong><\/li>\n<li><strong>Silvestr 2018\/2019 byl z\u00a0hlediska kr\u00e1tkodob\u00fdch (kolem p\u016flnoci) koncentrac\u00ed a jejich n\u00e1r\u016fstu hor\u0161\u00ed ne\u017e o rok d\u0159\u00edve. Vzhledem k\u00a0podobn\u00fdm rychlostem v\u011btru na Silvestra 2017 a 2018 lze p\u0159edpokl\u00e1dat, \u017ee n\u00e1r\u016fst byl d\u00e1n vy\u0161\u0161\u00edm mno\u017estv\u00edm odpalovan\u00e9 pyrotechniky.<\/strong><\/li>\n<\/ul>\n[1] &#8211;\u00a0Gerber, A., Krause, M. and Groneberg, D., 2014. Particulate matter: short-term but high-impact exposure at public gathering in Germany.\u00a0<i>Thorax<\/i>, pp.thoraxjnl-2014.<\/p>\n","protected":false},"excerpt":{"rendered":"<p>M\u00e1me za sebou dal\u0161\u00ed silvestrovskou noc, v\u00edt\u00e1n\u00ed nov\u00e9ho roku a s n\u00edm souvisej\u00edc\u00ed odpalov\u00e1n\u00ed z\u00e1bavn\u00ed pyrotechniky. V l\u00e9t\u011b jsme zde publikovali s\u00e9rii \u010dl\u00e1nk\u016f o m\u011b\u0159en\u00ed kvality ovzdu\u0161\u00ed b\u011bhem oh\u0148ostrojov\u00e9 p\u0159ehl\u00eddky Ignis Brunensis. Nyn\u00ed se pod\u00edv\u00e1me zda, a pokud ano, tak v jak\u00e9 m\u00ed\u0159e se projevuje silvestrovsk\u00e9 odpalov\u00e1n\u00ed pyrotechnick\u00fdch v\u00fdrobk\u016f jednotlivci. Na rozd\u00edl od letn\u00edho m\u011b\u0159en\u00ed [&hellip;]<\/p>\n","protected":false},"author":1,"featured_media":1835,"comment_status":"open","ping_status":"open","sticky":false,"template":"","format":"standard","meta":{"jetpack_post_was_ever_published":false,"_jetpack_newsletter_access":"","_jetpack_dont_email_post_to_subs":false,"_jetpack_newsletter_tier_id":0,"_jetpack_memberships_contains_paywalled_content":false,"_jetpack_memberships_contains_paid_content":false,"footnotes":"","jetpack_publicize_message":"","jetpack_publicize_feature_enabled":true,"jetpack_social_post_already_shared":true,"jetpack_social_options":{"image_generator_settings":{"template":"highway","enabled":false},"version":2}},"categories":[5],"tags":[44,43],"coauthors":[19,18],"class_list":["post-1798","post","type-post","status-publish","format-standard","has-post-thumbnail","hentry","category-ovzdusi","tag-ohnostroje","tag-znecisteni","entry","has-media"],"jetpack_publicize_connections":[],"jetpack_sharing_enabled":true,"jetpack_featured_media_url":"https:\/\/www.enviblog.cz\/blog\/wp-content\/uploads\/2019\/01\/20190101_160300.jpg","jetpack_shortlink":"https:\/\/wp.me\/pa1A1I-t0","_links":{"self":[{"href":"https:\/\/www.enviblog.cz\/blog\/wp-json\/wp\/v2\/posts\/1798","targetHints":{"allow":["GET"]}}],"collection":[{"href":"https:\/\/www.enviblog.cz\/blog\/wp-json\/wp\/v2\/posts"}],"about":[{"href":"https:\/\/www.enviblog.cz\/blog\/wp-json\/wp\/v2\/types\/post"}],"author":[{"embeddable":true,"href":"https:\/\/www.enviblog.cz\/blog\/wp-json\/wp\/v2\/users\/1"}],"replies":[{"embeddable":true,"href":"https:\/\/www.enviblog.cz\/blog\/wp-json\/wp\/v2\/comments?post=1798"}],"version-history":[{"count":40,"href":"https:\/\/www.enviblog.cz\/blog\/wp-json\/wp\/v2\/posts\/1798\/revisions"}],"predecessor-version":[{"id":1886,"href":"https:\/\/www.enviblog.cz\/blog\/wp-json\/wp\/v2\/posts\/1798\/revisions\/1886"}],"wp:featuredmedia":[{"embeddable":true,"href":"https:\/\/www.enviblog.cz\/blog\/wp-json\/wp\/v2\/media\/1835"}],"wp:attachment":[{"href":"https:\/\/www.enviblog.cz\/blog\/wp-json\/wp\/v2\/media?parent=1798"}],"wp:term":[{"taxonomy":"category","embeddable":true,"href":"https:\/\/www.enviblog.cz\/blog\/wp-json\/wp\/v2\/categories?post=1798"},{"taxonomy":"post_tag","embeddable":true,"href":"https:\/\/www.enviblog.cz\/blog\/wp-json\/wp\/v2\/tags?post=1798"},{"taxonomy":"author","embeddable":true,"href":"https:\/\/www.enviblog.cz\/blog\/wp-json\/wp\/v2\/coauthors?post=1798"}],"curies":[{"name":"wp","href":"https:\/\/api.w.org\/{rel}","templated":true}]}}