{"id":1300,"date":"2018-11-01T00:39:22","date_gmt":"2018-10-31T23:39:22","guid":{"rendered":"https:\/\/www.enviblog.cz\/blog\/?p=1300"},"modified":"2025-01-19T10:42:15","modified_gmt":"2025-01-19T09:42:15","slug":"kviz-svetove-extremy","status":"publish","type":"post","link":"https:\/\/www.enviblog.cz\/blog\/2018\/11\/01\/kviz-svetove-extremy\/","title":{"rendered":"Kv\u00edz &#8211; sv\u011btov\u00e9 extr\u00e9my"},"content":{"rendered":"<p>V jednom z minul\u00fdch kv\u00edz\u016f jsme se pod\u00edvali na extr\u00e9my \u010desk\u00e9. V tomto kv\u00edzu si ve 12 ot\u00e1zk\u00e1ch m\u016f\u017eete vyzkou\u0161et sv\u00e9 znalosti nebo odhad v oblasti extr\u00e9m\u016f sv\u011btov\u00fdch. V\u00edte kolik nejv\u00edce za 24 h napr\u0161elo? Jak dlouho trvala nejdel\u0161\u00ed perioda \u00fapln\u00e9ho sucha nebo jak dlouho trval nejdel\u0161\u00ed z\u00e1blesk blesku? V\u0161echny hodnoty vych\u00e1z\u00ed z aktu\u00e1ln\u011b ofici\u00e1ln\u011b uznan\u00fdch rekord\u016f podle Sv\u011btov\u00e9 meteorologick\u00e9 organizace.<\/p>\n<div class=\"h5p-iframe-wrapper\"><iframe id=\"h5p-iframe-6\" class=\"h5p-iframe\" data-content-id=\"6\" style=\"height:1px\" src=\"about:blank\" frameBorder=\"0\" scrolling=\"no\" title=\"Kv\u00edz - sv\u011btov\u00e9 extr\u00e9my\"><\/iframe><\/div>\n","protected":false},"excerpt":{"rendered":"<p>V jednom z minul\u00fdch kv\u00edz\u016f jsme se pod\u00edvali na extr\u00e9my \u010desk\u00e9. V tomto kv\u00edzu si ve 12 ot\u00e1zk\u00e1ch m\u016f\u017eete vyzkou\u0161et sv\u00e9 znalosti nebo odhad v oblasti extr\u00e9m\u016f sv\u011btov\u00fdch. V\u00edte kolik nejv\u00edce za 24 h napr\u0161elo? Jak dlouho trvala nejdel\u0161\u00ed perioda \u00fapln\u00e9ho sucha nebo jak dlouho trval nejdel\u0161\u00ed z\u00e1blesk blesku? V\u0161echny hodnoty vych\u00e1z\u00ed z aktu\u00e1ln\u011b ofici\u00e1ln\u011b [&hellip;]<\/p>\n","protected":false},"author":1,"featured_media":6734,"comment_status":"open","ping_status":"open","sticky":false,"template":"","format":"standard","meta":{"jetpack_post_was_ever_published":false,"_jetpack_newsletter_access":"","_jetpack_dont_email_post_to_subs":false,"_jetpack_newsletter_tier_id":0,"_jetpack_memberships_contains_paywalled_content":false,"_jetpack_memberships_contains_paid_content":false,"footnotes":"","jetpack_publicize_message":"","jetpack_publicize_feature_enabled":true,"jetpack_social_post_already_shared":true,"jetpack_social_options":{"image_generator_settings":{"template":"highway","enabled":false},"version":2}},"categories":[77,3],"tags":[95,38,96],"coauthors":[19],"class_list":["post-1300","post","type-post","status-publish","format-standard","has-post-thumbnail","hentry","category-kviz","category-pocasi","tag-extremy","tag-kviz","tag-svet","entry","has-media"],"jetpack_publicize_connections":[],"jetpack_sharing_enabled":true,"jetpack_featured_media_url":"https:\/\/www.enviblog.cz\/blog\/wp-content\/uploads\/2018\/11\/quizExtreme.jpg","jetpack_shortlink":"https:\/\/wp.me\/pa1A1I-kY","_links":{"self":[{"href":"https:\/\/www.enviblog.cz\/blog\/wp-json\/wp\/v2\/posts\/1300","targetHints":{"allow":["GET"]}}],"collection":[{"href":"https:\/\/www.enviblog.cz\/blog\/wp-json\/wp\/v2\/posts"}],"about":[{"href":"https:\/\/www.enviblog.cz\/blog\/wp-json\/wp\/v2\/types\/post"}],"author":[{"embeddable":true,"href":"https:\/\/www.enviblog.cz\/blog\/wp-json\/wp\/v2\/users\/1"}],"replies":[{"embeddable":true,"href":"https:\/\/www.enviblog.cz\/blog\/wp-json\/wp\/v2\/comments?post=1300"}],"version-history":[{"count":3,"href":"https:\/\/www.enviblog.cz\/blog\/wp-json\/wp\/v2\/posts\/1300\/revisions"}],"predecessor-version":[{"id":1304,"href":"https:\/\/www.enviblog.cz\/blog\/wp-json\/wp\/v2\/posts\/1300\/revisions\/1304"}],"wp:featuredmedia":[{"embeddable":true,"href":"https:\/\/www.enviblog.cz\/blog\/wp-json\/wp\/v2\/media\/6734"}],"wp:attachment":[{"href":"https:\/\/www.enviblog.cz\/blog\/wp-json\/wp\/v2\/media?parent=1300"}],"wp:term":[{"taxonomy":"category","embeddable":true,"href":"https:\/\/www.enviblog.cz\/blog\/wp-json\/wp\/v2\/categories?post=1300"},{"taxonomy":"post_tag","embeddable":true,"href":"https:\/\/www.enviblog.cz\/blog\/wp-json\/wp\/v2\/tags?post=1300"},{"taxonomy":"author","embeddable":true,"href":"https:\/\/www.enviblog.cz\/blog\/wp-json\/wp\/v2\/coauthors?post=1300"}],"curies":[{"name":"wp","href":"https:\/\/api.w.org\/{rel}","templated":true}]}}