{"id":1280,"date":"2018-11-04T20:11:58","date_gmt":"2018-11-04T19:11:58","guid":{"rendered":"https:\/\/www.enviblog.cz\/blog\/?p=1280"},"modified":"2018-11-05T00:13:05","modified_gmt":"2018-11-04T23:13:05","slug":"dusicky-duchacek-a-cesty-pres-reku","status":"publish","type":"post","link":"https:\/\/www.enviblog.cz\/blog\/2018\/11\/04\/dusicky-duchacek-a-cesty-pres-reku\/","title":{"rendered":"Du\u0161i\u010dky, Duch\u00e1\u010dek a cesty p\u0159es \u0159eku&#8230;"},"content":{"rendered":"<p>Po dlouh\u00e9 dob\u011b jsem si dnes ve\u010der vzpomn\u011bl na text Tonyho Duch\u00e1\u010dka, kter\u00fd jsem si za vlhk\u00e9ho podve\u010dera zanotoval na zahr\u00e1dce. \u010c\u00edm to? Asi, \u017ee jsou ty &#8222;du\u0161i\u010dky&#8220;&#8230;<\/p>\n<p><em>Used\u00e1me v tmav\u00fdm expressu<\/em><br \/>\n<em>projedeme dlouh\u00fdm tunelem<\/em><br \/>\n<em>zapomenu starou adresu<\/em><br \/>\n<em>karty m\u00e1me ve sv\u00fdm popisu<\/em><br \/>\n<em>p\u0159ed n\u00e1mi je jist\u00e1 nad\u011bje<\/em><\/p>\n<p><em>A pr\u016fvod\u010d\u00ed ve sv\u00fdm vobleku<\/em><br \/>\n<em>hosty svoje r\u00e1d si vyb\u00edr\u00e1<\/em><br \/>\n<em>koho vezme sebou p\u0159es \u0159eku<\/em><br \/>\n<em>a stahuje v kup\u00e9 roletu<\/em><br \/>\n<em>jinde zvolna vokna zav\u00edr\u00e1\u00a0 \u00a0<\/em><\/p>\n<p><em>Uh\u00e1n\u00edme v tmav\u00fdm expressu<\/em><br \/>\n<em>projedeme dlouh\u00fdm tunelem<\/em><br \/>\n<em>zapomenu starou adresu<\/em><br \/>\n<em>karty m\u00e1me ve sv\u00fdm popisu<\/em><br \/>\n<em>p\u0159ed n\u00e1mi je jist\u00e1 nad\u011bje<\/em><\/p>\n<p style=\"padding-left: 60px\"><a href=\"https:\/\/www.youtube.com\/watch?v=9jI2Y_M1rGY\" target=\"_blank\" rel=\"noopener\">Tony Duch\u00e1\u010dek, Express, CD Nepoh\u00e1dka (2000)<\/a><\/p>\n<p>Tony Duch\u00e1\u010dek je l\u00eddr legend\u00e1rn\u00ed pra\u017esk\u00e9 kapely Gar\u00e1\u017e, od roku 1993 Tony Duch\u00e1\u010dek&amp;Garage. J\u00e1 jsem si ho obl\u00edbil v dob\u011b, kdy zp\u00edval hlavn\u011b o holk\u00e1ch&#8230; <a href=\"https:\/\/www.youtube.com\/watch?v=wVNwkoEKBOw\" target=\"_blank\" rel=\"noopener\">sex, drogy, rock`n`roll ala Praha, \u017di\u017ekov<\/a>. Pozd\u011bji jeho texty \u010dasto specificky nahl\u00ed\u017eely a\u017e na filozofick\u00e1 t\u00e9mata a v sou\u010dasn\u00e9 chv\u00edli se mus\u00edm p\u0159iznat, \u017ee jeho tvorbu u\u017e zas tak moc nesleduju. Jsem zkr\u00e1tka \u0161patn\u00fd fanou\u0161ek, liter\u00e1rn\u00ed nebo hudebn\u00ed kritik u\u017e v\u016fbec nejsem, tak\u017ee je to vlastn\u011b \u00fapln\u011b jedno&#8230;<\/p>\n<p>Nicm\u00e9n\u011b, m\u016fj laick\u00fd pohled \u0159\u00edk\u00e1, \u017ee se Tony &#8222;po sv\u00e9m&#8220; docela \u010dasto zaob\u00edral t\u00e9matem &#8222;\u0159eka&#8220;. Asi proto to sem p\u00ed\u0161u&#8230; Ale dal\u0161\u00ed om\u00e1\u010dka m\u011b k tomu u\u017e moc nenapad\u00e1&#8230; Cel\u00fd je to jaksi &#8222;na vod\u011b&#8220;, tak si d\u00e1me Tonyho je\u0161t\u011b jednou&#8230;<\/p>\n<p><em>Plamenem ti cestu ud\u011bl\u00e1m<\/em><br \/>\n<em>neskute\u010dn\u00fdm \u017e\u00e1rem sope\u010dn\u00fdm<\/em><br \/>\n<em>aby jsi se, \u0159eko, dostala<\/em><br \/>\n<em>do srdc\u00ed sv\u00fdch d\u011bt\u00ed ne\u0161\u0165astn\u00fdch.<\/em><\/p>\n<p><em>Rozp\u00e1l\u00ed\u0161 se mocnou rychlost\u00ed<\/em><br \/>\n<em>do oblast\u00ed, kde t\u011b neznali<\/em><br \/>\n<em>nese\u0161 s sebou v\u0161echna tajemstv\u00ed<\/em><br \/>\n<em>kter\u00fd byly v sk\u00e1le schovan\u00fd.<\/em><\/p>\n<p><em>Poj\u010f honem, umej tuhle \u0161p\u00ednu<\/em><br \/>\n<em>a\u0165 se m\u016f\u017eem vr\u00e1tit nazp\u00e1tek<\/em><br \/>\n<em>nebo vyschnem \u017eivot beze sm\u00edchu<\/em><br \/>\n<em>hele pocem, tv\u016fj jsem ka\u0161p\u00e1rek.<\/em><\/p>\n<p style=\"padding-left: 60px\">Tony Duch\u00e1\u010dek, \u0158eka, CD Apogeum (1996)<\/p>\n<p>No nazdar&#8230; Douf\u00e1m, \u017ee to nebyl Tony, kdo na Moravu p\u0159ivolal tu velkou vodu l\u00e9ta 1997&#8230; Asi bychom m\u011bli za\u010d\u00edt br\u00e1t b\u00e1sn\u00edky trochu v\u00e1\u017en\u011bji&#8230; Tak\u017ee to beru jako takov\u00fd nult\u00fd v\u00fdkop do tmy. Mo\u017en\u00e1 p\u0159\u00ed\u0161t\u011b d\u00e1m k lep\u0161\u00edmu zase n\u011bco od n\u011bjak\u00e9ho ka\u0161p\u00e1rka&#8230; A mo\u017en\u00e1 to ud\u011bl\u00e1 n\u011bkdo jin\u00fd&#8230;?<\/p>\n","protected":false},"excerpt":{"rendered":"<p>Po dlouh\u00e9 dob\u011b jsem si dnes ve\u010der vzpomn\u011bl na text Tonyho Duch\u00e1\u010dka, kter\u00fd jsem si za vlhk\u00e9ho podve\u010dera zanotoval na zahr\u00e1dce. \u010c\u00edm to? Asi, \u017ee jsou ty &#8222;du\u0161i\u010dky&#8220;&#8230; Used\u00e1me v tmav\u00fdm expressu projedeme dlouh\u00fdm tunelem zapomenu starou adresu karty m\u00e1me ve sv\u00fdm popisu p\u0159ed n\u00e1mi je jist\u00e1 nad\u011bje A pr\u016fvod\u010d\u00ed ve sv\u00fdm vobleku hosty svoje [&hellip;]<\/p>\n","protected":false},"author":4,"featured_media":1379,"comment_status":"open","ping_status":"open","sticky":false,"template":"","format":"standard","meta":{"jetpack_post_was_ever_published":false,"_jetpack_newsletter_access":"","_jetpack_dont_email_post_to_subs":false,"_jetpack_newsletter_tier_id":0,"_jetpack_memberships_contains_paywalled_content":false,"_jetpack_memberships_contains_paid_content":false,"footnotes":"","jetpack_publicize_message":"","jetpack_publicize_feature_enabled":true,"jetpack_social_post_already_shared":true,"jetpack_social_options":{"image_generator_settings":{"template":"highway","enabled":false},"version":2}},"categories":[6,4],"tags":[],"coauthors":[27],"class_list":["post-1280","post","type-post","status-publish","format-standard","has-post-thumbnail","hentry","category-other","category-voda","entry","has-media"],"jetpack_publicize_connections":[],"jetpack_sharing_enabled":true,"jetpack_featured_media_url":"https:\/\/www.enviblog.cz\/blog\/wp-content\/uploads\/2018\/11\/530x0-7e42-tony-titul.jpg","jetpack_shortlink":"https:\/\/wp.me\/pa1A1I-kE","_links":{"self":[{"href":"https:\/\/www.enviblog.cz\/blog\/wp-json\/wp\/v2\/posts\/1280","targetHints":{"allow":["GET"]}}],"collection":[{"href":"https:\/\/www.enviblog.cz\/blog\/wp-json\/wp\/v2\/posts"}],"about":[{"href":"https:\/\/www.enviblog.cz\/blog\/wp-json\/wp\/v2\/types\/post"}],"author":[{"embeddable":true,"href":"https:\/\/www.enviblog.cz\/blog\/wp-json\/wp\/v2\/users\/4"}],"replies":[{"embeddable":true,"href":"https:\/\/www.enviblog.cz\/blog\/wp-json\/wp\/v2\/comments?post=1280"}],"version-history":[{"count":11,"href":"https:\/\/www.enviblog.cz\/blog\/wp-json\/wp\/v2\/posts\/1280\/revisions"}],"predecessor-version":[{"id":1411,"href":"https:\/\/www.enviblog.cz\/blog\/wp-json\/wp\/v2\/posts\/1280\/revisions\/1411"}],"wp:featuredmedia":[{"embeddable":true,"href":"https:\/\/www.enviblog.cz\/blog\/wp-json\/wp\/v2\/media\/1379"}],"wp:attachment":[{"href":"https:\/\/www.enviblog.cz\/blog\/wp-json\/wp\/v2\/media?parent=1280"}],"wp:term":[{"taxonomy":"category","embeddable":true,"href":"https:\/\/www.enviblog.cz\/blog\/wp-json\/wp\/v2\/categories?post=1280"},{"taxonomy":"post_tag","embeddable":true,"href":"https:\/\/www.enviblog.cz\/blog\/wp-json\/wp\/v2\/tags?post=1280"},{"taxonomy":"author","embeddable":true,"href":"https:\/\/www.enviblog.cz\/blog\/wp-json\/wp\/v2\/coauthors?post=1280"}],"curies":[{"name":"wp","href":"https:\/\/api.w.org\/{rel}","templated":true}]}}