{"id":1194,"date":"2018-10-19T22:44:23","date_gmt":"2018-10-19T20:44:23","guid":{"rendered":"https:\/\/www.enviblog.cz\/blog\/?p=1194"},"modified":"2025-01-19T10:46:15","modified_gmt":"2025-01-19T09:46:15","slug":"kviz-extremy-pocasi-v-ceske-republice","status":"publish","type":"post","link":"https:\/\/www.enviblog.cz\/blog\/2018\/10\/19\/kviz-extremy-pocasi-v-ceske-republice\/","title":{"rendered":"Kv\u00edz &#8211; extr\u00e9my po\u010das\u00ed v \u010cesk\u00e9 republice"},"content":{"rendered":"<p><em><strong>V tomto kv\u00edzu si m\u016f\u017eete otestovat svoje znalosti z oblasti rekordn\u00edch hodnot teplot a sr\u00e1\u017eek na \u00fazem\u00ed \u010cesk\u00e9 republiky. V\u00edte, jak\u00fd je nap\u0159\u00edklad rozsah mezi nejvy\u0161\u0161\u00ed a nejni\u017e\u0161\u00ed kdy nam\u011b\u0159enou teplotu na na\u0161em \u00fazem\u00ed? Kter\u00e1 stanice dr\u017e\u00ed rekord pro absolutn\u011b minim\u00e1ln\u00ed teplotu kdy nam\u011b\u0159enou v \u010cesk\u00e9 republice a z\u00e1rove\u0148 maxim\u00e1ln\u00ed teplotu kdy nam\u011b\u0159enou v jeden z m\u011bs\u00edc\u016f? Jak\u00fd byl nejvy\u0161\u0161\u00ed sr\u00e1\u017ekov\u00fd \u00fahrn za jedin\u00fd den?<\/strong><\/em><\/p>\n<p>&nbsp;<\/p>\n<div class=\"h5p-iframe-wrapper\"><iframe id=\"h5p-iframe-4\" class=\"h5p-iframe\" data-content-id=\"4\" style=\"height:1px\" src=\"about:blank\" frameBorder=\"0\" scrolling=\"no\" title=\"Kv\u00edz - historick\u00e9 extr\u00e9my \u010cR\"><\/iframe><\/div>\n<p>&nbsp;<\/p>\n<p>&nbsp;<\/p>\n","protected":false},"excerpt":{"rendered":"<p>V tomto kv\u00edzu si m\u016f\u017eete otestovat svoje znalosti z oblasti rekordn\u00edch hodnot teplot a sr\u00e1\u017eek na \u00fazem\u00ed \u010cesk\u00e9 republiky. V\u00edte, jak\u00fd je nap\u0159\u00edklad rozsah mezi nejvy\u0161\u0161\u00ed a nejni\u017e\u0161\u00ed kdy nam\u011b\u0159enou teplotu na na\u0161em \u00fazem\u00ed? Kter\u00e1 stanice dr\u017e\u00ed rekord pro absolutn\u011b minim\u00e1ln\u00ed teplotu kdy nam\u011b\u0159enou v \u010cesk\u00e9 republice a z\u00e1rove\u0148 maxim\u00e1ln\u00ed teplotu kdy nam\u011b\u0159enou v jeden [&hellip;]<\/p>\n","protected":false},"author":1,"featured_media":6736,"comment_status":"open","ping_status":"open","sticky":false,"template":"","format":"standard","meta":{"jetpack_post_was_ever_published":false,"_jetpack_newsletter_access":"","_jetpack_dont_email_post_to_subs":false,"_jetpack_newsletter_tier_id":0,"_jetpack_memberships_contains_paywalled_content":false,"_jetpack_memberships_contains_paid_content":false,"footnotes":"","jetpack_publicize_message":"","jetpack_publicize_feature_enabled":true,"jetpack_social_post_already_shared":true,"jetpack_social_options":{"image_generator_settings":{"template":"highway","enabled":false},"version":2}},"categories":[77,3],"tags":[38,81],"coauthors":[19],"class_list":["post-1194","post","type-post","status-publish","format-standard","has-post-thumbnail","hentry","category-kviz","category-pocasi","tag-kviz","tag-rekordy","entry","has-media"],"jetpack_publicize_connections":[],"jetpack_sharing_enabled":true,"jetpack_featured_media_url":"https:\/\/www.enviblog.cz\/blog\/wp-content\/uploads\/2018\/10\/quizEx2.jpg","jetpack_shortlink":"https:\/\/wp.me\/pa1A1I-jg","_links":{"self":[{"href":"https:\/\/www.enviblog.cz\/blog\/wp-json\/wp\/v2\/posts\/1194","targetHints":{"allow":["GET"]}}],"collection":[{"href":"https:\/\/www.enviblog.cz\/blog\/wp-json\/wp\/v2\/posts"}],"about":[{"href":"https:\/\/www.enviblog.cz\/blog\/wp-json\/wp\/v2\/types\/post"}],"author":[{"embeddable":true,"href":"https:\/\/www.enviblog.cz\/blog\/wp-json\/wp\/v2\/users\/1"}],"replies":[{"embeddable":true,"href":"https:\/\/www.enviblog.cz\/blog\/wp-json\/wp\/v2\/comments?post=1194"}],"version-history":[{"count":3,"href":"https:\/\/www.enviblog.cz\/blog\/wp-json\/wp\/v2\/posts\/1194\/revisions"}],"predecessor-version":[{"id":1208,"href":"https:\/\/www.enviblog.cz\/blog\/wp-json\/wp\/v2\/posts\/1194\/revisions\/1208"}],"wp:featuredmedia":[{"embeddable":true,"href":"https:\/\/www.enviblog.cz\/blog\/wp-json\/wp\/v2\/media\/6736"}],"wp:attachment":[{"href":"https:\/\/www.enviblog.cz\/blog\/wp-json\/wp\/v2\/media?parent=1194"}],"wp:term":[{"taxonomy":"category","embeddable":true,"href":"https:\/\/www.enviblog.cz\/blog\/wp-json\/wp\/v2\/categories?post=1194"},{"taxonomy":"post_tag","embeddable":true,"href":"https:\/\/www.enviblog.cz\/blog\/wp-json\/wp\/v2\/tags?post=1194"},{"taxonomy":"author","embeddable":true,"href":"https:\/\/www.enviblog.cz\/blog\/wp-json\/wp\/v2\/coauthors?post=1194"}],"curies":[{"name":"wp","href":"https:\/\/api.w.org\/{rel}","templated":true}]}}