{"id":1137,"date":"2018-10-15T15:46:24","date_gmt":"2018-10-15T13:46:24","guid":{"rendered":"https:\/\/www.enviblog.cz\/blog\/?p=1137"},"modified":"2018-10-15T15:47:45","modified_gmt":"2018-10-15T13:47:45","slug":"za-hydrologickymi-krasami-kyjovska","status":"publish","type":"post","link":"https:\/\/www.enviblog.cz\/blog\/2018\/10\/15\/za-hydrologickymi-krasami-kyjovska\/","title":{"rendered":"Za hydrologick\u00fdmi kr\u00e1sami Kyjovska&#8230;"},"content":{"rendered":"<p>Bab\u00ed l\u00e9to je v pln\u00e9m proudu a my m\u00e1me nam\u00ed\u0159eno do povod\u00ed Trkmanky a Kyjovky, posledn\u00edch v\u00fdznamn\u011bj\u0161\u00edch p\u0159\u00edtok\u016f Dyje nad jej\u00edm soutokem s \u0159ekou Moravou. Budeme se pohybovat v p\u0159ev\u00e1\u017en\u011b intenzivn\u011b zem\u011bd\u011blsky vyu\u017e\u00edvan\u00e9 krajin\u011b, kde se da\u0159\u00ed vinn\u00e9 r\u00e9v\u011b, ale s vodou u\u017e to tak slavn\u00e9 nen\u00ed&#8230;<\/p>\n<p>Za\u010d\u00edn\u00e1me Trkmankou na LG stanici ve Velk\u00fdch Pavlovic\u00edch. Posledn\u00ed dobou jsou popul\u00e1rn\u00ed r\u016fzn\u00e9 mikroregiony a zde se tak\u00e9 v jednom ocit\u00e1me, a sice v <a href=\"http:\/\/www.modrehory.cz\/\" target=\"_blank\" rel=\"noopener\">Modr\u00fdch hor\u00e1ch<\/a>. Poetick\u00fd n\u00e1zev mikroregionu ov\u0161em p\u0159\u00edli\u0161 nekoresponduje se stavem samotn\u00e9 Trkmanky, kter\u00e1 zde p\u0159ipom\u00edn\u00e1 sp\u00ed\u0161e odpadn\u00ed stoku&#8230;<\/p>\n<figure id=\"attachment_1149\" aria-describedby=\"caption-attachment-1149\" style=\"width: 546px\" class=\"wp-caption alignnone\"><a href=\"http:\/\/chmibrno.org\/blog\/2018\/10\/15\/za-hydrologickymi-krasami-kyjovska\/p1030923\/#main\" rel=\"attachment wp-att-1149\"><img fetchpriority=\"high\" decoding=\"async\" class=\" wp-image-1149\" src=\"http:\/\/chmibrno.org\/blog\/wp-content\/uploads\/2018\/10\/P1030923-225x300.jpg\" alt=\"\" width=\"546\" height=\"728\" srcset=\"https:\/\/www.enviblog.cz\/blog\/wp-content\/uploads\/2018\/10\/P1030923-225x300.jpg 225w, https:\/\/www.enviblog.cz\/blog\/wp-content\/uploads\/2018\/10\/P1030923-768x1024.jpg 768w, https:\/\/www.enviblog.cz\/blog\/wp-content\/uploads\/2018\/10\/P1030923.jpg 1920w\" sizes=\"(max-width: 546px) 100vw, 546px\" \/><\/a><figcaption id=\"caption-attachment-1149\" class=\"wp-caption-text\">Pohled proti proudu toku Trkmanky u LG Velk\u00e9 Pavlovice. Zvl\u00e1\u0161t\u011b takto na podzim jsou jej\u00ed vody v\u017edy origin\u00e1ln\u011b zbarveny, tentokr\u00e1t zvl\u00e1\u0161tn\u00edm odst\u00ednem modr\u00e9&#8230; Snad na propagaci mikroregionu&#8230;? A ta &#8222;v\u016fn\u011b&#8220;! Kdy u\u017e n\u011bkdo vynalezne aplikaci pro p\u0159enos \u010dichov\u00fdch vjem\u016f?!<\/figcaption><\/figure>\n<figure id=\"attachment_1151\" aria-describedby=\"caption-attachment-1151\" style=\"width: 550px\" class=\"wp-caption alignnone\"><a href=\"http:\/\/chmibrno.org\/blog\/2018\/10\/15\/za-hydrologickymi-krasami-kyjovska\/p1030931-2\/#main\" rel=\"attachment wp-att-1151\"><img decoding=\"async\" class=\" wp-image-1151\" src=\"http:\/\/chmibrno.org\/blog\/wp-content\/uploads\/2018\/10\/P1030931-1-225x300.jpg\" alt=\"\" width=\"550\" height=\"733\" srcset=\"https:\/\/www.enviblog.cz\/blog\/wp-content\/uploads\/2018\/10\/P1030931-1-225x300.jpg 225w, https:\/\/www.enviblog.cz\/blog\/wp-content\/uploads\/2018\/10\/P1030931-1-768x1024.jpg 768w, https:\/\/www.enviblog.cz\/blog\/wp-content\/uploads\/2018\/10\/P1030931-1.jpg 1920w\" sizes=\"(max-width: 550px) 100vw, 550px\" \/><\/a><figcaption id=\"caption-attachment-1151\" class=\"wp-caption-text\">&#8222;Tam vzadu jsou dve\u0159e do jin\u00e9 dimenze&#8230;&#8220; temn\u00fdm hlasem pravil \u010casoprostop\u00e1\u0161. Nikdo se tam ale neodv\u00e1\u017eil&#8230;<\/figcaption><\/figure>\n<p>Trkmanka pramen\u00ed kousek od \u017dd\u00e1nic v p\u011bkn\u00e9m prost\u0159ed\u00ed \u017dd\u00e1nick\u00e9ho lesa. Ov\u0161em u\u017e ve \u017dd\u00e1nic\u00edch vt\u00e9k\u00e1 na \u00fazem\u00ed, kde po stalet\u00ed mus\u00ed ustupovat civiliza\u010dn\u00edmu tlaku&#8230; Na\u0161i p\u0159edkov\u00e9 jej\u00ed koryto nap\u0159\u00edmili, jak to jen \u0161lo&#8230; snad ze soucitu, a\u0165 se holka tou svou kalv\u00e1ri\u00ed od \u017dd\u00e1nic do Podiv\u00edna zbyte\u010dn\u011b dlouho netr\u00e1p\u00ed&#8230; Za Podiv\u00ednem se j\u00ed ujme o trochu m\u00e9n\u011b zt\u00fdran\u00e1 kamar\u00e1dka Dyje&#8230; Ach jo&#8230;<\/p>\n<p>To\u017e rychle pry\u010d, sm\u011br Kyjov. Za \u010cej\u010dem p\u0159ejedeme p\u0159es m\u00edrn\u00fd kope\u010dek, \u010d\u00edm\u017e opou\u0161t\u00edme Trkmanku a ocit\u00e1me se v povod\u00ed \u0159eky Kyjovky. Proj\u00ed\u017ed\u00edme i \u0160ardicemi, jejich\u017e okol\u00ed se d\u00edky p\u0159\u00edkladn\u00e9 p\u00e9\u010di <a href=\"https:\/\/os-pro-prirodu-a-myslivost.webnode.cz\/\" target=\"_blank\" rel=\"noopener\">n\u011bkter\u00fdch zem\u011bd\u011blc\u016f<\/a> za\u010d\u00edn\u00e1 op\u011bt prom\u011b\u0148ovat v kr\u00e1snou krajinu, pro kterou se posledn\u00ed dobou \u00fadajn\u011b v\u017eil n\u00e1zev <a href=\"https:\/\/moravsketoskansko.cz\/index.html\" target=\"_blank\" rel=\"noopener\">Moravsk\u00e9 Tosk\u00e1nsko<\/a>. Projedeme je\u0161t\u011b nekone\u010dn\u011b dlouh\u00e9 obce Mist\u0159\u00edn a Svatobo\u0159ice a jsme v Kyjov\u011b.<\/p>\n<figure id=\"attachment_1152\" aria-describedby=\"caption-attachment-1152\" style=\"width: 601px\" class=\"wp-caption alignnone\"><a href=\"http:\/\/chmibrno.org\/blog\/2018\/10\/15\/za-hydrologickymi-krasami-kyjovska\/p1030937\/#main\" rel=\"attachment wp-att-1152\"><img decoding=\"async\" class=\" wp-image-1152\" src=\"http:\/\/chmibrno.org\/blog\/wp-content\/uploads\/2018\/10\/P1030937-225x300.jpg\" alt=\"\" width=\"601\" height=\"801\" srcset=\"https:\/\/www.enviblog.cz\/blog\/wp-content\/uploads\/2018\/10\/P1030937-225x300.jpg 225w, https:\/\/www.enviblog.cz\/blog\/wp-content\/uploads\/2018\/10\/P1030937-768x1024.jpg 768w, https:\/\/www.enviblog.cz\/blog\/wp-content\/uploads\/2018\/10\/P1030937.jpg 1920w\" sizes=\"(max-width: 601px) 100vw, 601px\" \/><\/a><figcaption id=\"caption-attachment-1152\" class=\"wp-caption-text\">\u0158eka Kyjovka u LG Kyjov. I zde by aplikace &#8222;v\u016fn\u011b&#8220; vnesla rozpaky do nejedn\u00e9 dom\u00e1cnosti&#8230;<\/figcaption><\/figure>\n<p>Kyjovka je na tom p\u0159ece jenom o n\u011bco l\u00e9pe&#8230; <a href=\"https:\/\/mapy.cz\/zakladni?x=17.2829582&amp;y=49.1609795&amp;z=15&amp;source=base&amp;id=2065119\" target=\"_blank\" rel=\"noopener\">Pramen\u00ed v Ch\u0159ibech<\/a> kousek od Gavendovy sk\u00e1ly a jej\u00ed horn\u00ed tok v okol\u00ed obc\u00ed Star\u00e9 Hut\u011b a Stupava m\u00e1 po p\u0159ehradu nad m\u011bste\u010dkem Kory\u010dany \u010dasto r\u00e1z a\u017e horsk\u00e9ho toku. Pod p\u0159ehradou te\u010de u\u017e pon\u011bkud l\u00edn\u011bji, ale st\u00e1le se v jej\u00ed bl\u00edzkosti m\u016f\u017eeme c\u00edtit docela p\u0159\u00edjemn\u011b, co\u017e se bohu\u017eel \u0159\u00edct ned\u00e1 o jej\u00edm pokra\u010dov\u00e1n\u00ed v Kyjov\u011b a d\u00e1l&#8230; To\u017e, civilizace&#8230; O t\u00e9 by n\u00e1m voda \u0159ekla svoje&#8230;<\/p>\n<p>U Mist\u0159\u00edna Kyjovka p\u0159ij\u00edm\u00e1 jako podle prav\u00edtka narovnan\u00fd tok Hru\u0161kovice a d\u00e1l te\u010de k Hodon\u00ednu, kde nap\u00e1j\u00ed soustavu rybn\u00edk\u016f. Ji\u017en\u011b od Lan\u017ehota v obo\u0159e Soutok, p\u00e1r kilometr\u016f nad \u00fast\u00edm do Dyje, je Kyjovce dop\u0159\u00e1no si je\u0161t\u011b trochu zameandrovat. To je takov\u00fd pomal\u00fd, houpav\u00fd a velice sexy tane\u010dek&#8230;<\/p>\n<figure id=\"attachment_1175\" aria-describedby=\"caption-attachment-1175\" style=\"width: 624px\" class=\"wp-caption alignnone\"><a href=\"http:\/\/chmibrno.org\/blog\/2018\/10\/15\/za-hydrologickymi-krasami-kyjovska\/p1030949\/#main\" rel=\"attachment wp-att-1175\"><img loading=\"lazy\" decoding=\"async\" class=\" wp-image-1175\" src=\"http:\/\/chmibrno.org\/blog\/wp-content\/uploads\/2018\/10\/P1030949-300x225.jpg\" alt=\"\" width=\"624\" height=\"468\" srcset=\"https:\/\/www.enviblog.cz\/blog\/wp-content\/uploads\/2018\/10\/P1030949-300x225.jpg 300w, https:\/\/www.enviblog.cz\/blog\/wp-content\/uploads\/2018\/10\/P1030949-768x576.jpg 768w, https:\/\/www.enviblog.cz\/blog\/wp-content\/uploads\/2018\/10\/P1030949-1024x768.jpg 1024w\" sizes=\"(max-width: 624px) 100vw, 624px\" \/><\/a><figcaption id=\"caption-attachment-1175\" class=\"wp-caption-text\">In\u017een\u00fdrsk\u00e9 d\u00edlo Hru\u0161kovice u limnigrafick\u00e9 stanice v Osv\u011btimanech.<\/figcaption><\/figure>\n<figure id=\"attachment_1176\" aria-describedby=\"caption-attachment-1176\" style=\"width: 624px\" class=\"wp-caption alignnone\"><a href=\"http:\/\/chmibrno.org\/blog\/2018\/10\/15\/za-hydrologickymi-krasami-kyjovska\/p1030957\/#main\" rel=\"attachment wp-att-1176\"><img loading=\"lazy\" decoding=\"async\" class=\" wp-image-1176\" src=\"http:\/\/chmibrno.org\/blog\/wp-content\/uploads\/2018\/10\/P1030957-300x225.jpg\" alt=\"\" width=\"624\" height=\"468\" srcset=\"https:\/\/www.enviblog.cz\/blog\/wp-content\/uploads\/2018\/10\/P1030957-300x225.jpg 300w, https:\/\/www.enviblog.cz\/blog\/wp-content\/uploads\/2018\/10\/P1030957-768x576.jpg 768w, https:\/\/www.enviblog.cz\/blog\/wp-content\/uploads\/2018\/10\/P1030957-1024x768.jpg 1024w\" sizes=\"(max-width: 624px) 100vw, 624px\" \/><\/a><figcaption id=\"caption-attachment-1176\" class=\"wp-caption-text\">Kyjovka t\u011bsn\u011b nad Kory\u010danskou p\u0159ehradou. Tok je zde nep\u0159irozen\u011b nap\u0159\u00edmen, ale aspo\u0148 nen\u00ed vydl\u00e1\u017ed\u011bn. A tak\u00e9 okol\u00ed je kr\u00e1sn\u00e9&#8230;<\/figcaption><\/figure>\n<p>A tak nev\u00edm. Ps\u00e1t jsem cht\u011bl o hydrologick\u00fdch kr\u00e1s\u00e1ch, ale kdy\u017e to po sob\u011b \u010dtu, tak si sp\u00ed\u0161 p\u0159ipad\u00e1m jako na\u0159\u00edkaj\u00edc\u00ed star\u00fd mu\u017e&#8230; A to bych nerad, takov\u00e9 vyzn\u011bn\u00ed m\u00e9ho p\u0159\u00edsp\u011bvku by se mi nel\u00edbilo! Berme to tedy pozitivn\u011b! Ka\u017ed\u00e1 dla\u017edice se d\u00e1 vykopat, ka\u017ed\u00e1 povod\u0148ov\u00e1 vlna m\u011bn\u00edc\u00ed b\u0159ehy a koryto a\u0165 je oslavov\u00e1na! A my p\u0159em\u00fd\u0161lejme, jak vod\u011b co nejelegantn\u011bji uhnout&#8230; V\u017edy\u0165 takov\u00fd logistick\u00fd probl\u00e9mek se m\u016f\u017ee st\u00e1t velice z\u00e1bavn\u00fdm a hodn\u00fdm kreativn\u011b uva\u017euj\u00edc\u00edho lidstva&#8230;!<\/p>\n","protected":false},"excerpt":{"rendered":"<p>Bab\u00ed l\u00e9to je v pln\u00e9m proudu a my m\u00e1me nam\u00ed\u0159eno do povod\u00ed Trkmanky a Kyjovky, posledn\u00edch v\u00fdznamn\u011bj\u0161\u00edch p\u0159\u00edtok\u016f Dyje nad jej\u00edm soutokem s \u0159ekou Moravou. Budeme se pohybovat v p\u0159ev\u00e1\u017en\u011b intenzivn\u011b zem\u011bd\u011blsky vyu\u017e\u00edvan\u00e9 krajin\u011b, kde se da\u0159\u00ed vinn\u00e9 r\u00e9v\u011b, ale s vodou u\u017e to tak slavn\u00e9 nen\u00ed&#8230; Za\u010d\u00edn\u00e1me Trkmankou na LG stanici ve Velk\u00fdch Pavlovic\u00edch. [&hellip;]<\/p>\n","protected":false},"author":4,"featured_media":1151,"comment_status":"open","ping_status":"open","sticky":false,"template":"","format":"standard","meta":{"jetpack_post_was_ever_published":false,"_jetpack_newsletter_access":"","_jetpack_dont_email_post_to_subs":false,"_jetpack_newsletter_tier_id":0,"_jetpack_memberships_contains_paywalled_content":false,"_jetpack_memberships_contains_paid_content":false,"footnotes":"","jetpack_publicize_message":"","jetpack_publicize_feature_enabled":true,"jetpack_social_post_already_shared":true,"jetpack_social_options":{"image_generator_settings":{"template":"highway","enabled":false},"version":2}},"categories":[4],"tags":[],"coauthors":[27],"class_list":["post-1137","post","type-post","status-publish","format-standard","has-post-thumbnail","hentry","category-voda","entry","has-media"],"jetpack_publicize_connections":[],"jetpack_sharing_enabled":true,"jetpack_featured_media_url":"https:\/\/www.enviblog.cz\/blog\/wp-content\/uploads\/2018\/10\/P1030931-1.jpg","jetpack_shortlink":"https:\/\/wp.me\/pa1A1I-il","_links":{"self":[{"href":"https:\/\/www.enviblog.cz\/blog\/wp-json\/wp\/v2\/posts\/1137","targetHints":{"allow":["GET"]}}],"collection":[{"href":"https:\/\/www.enviblog.cz\/blog\/wp-json\/wp\/v2\/posts"}],"about":[{"href":"https:\/\/www.enviblog.cz\/blog\/wp-json\/wp\/v2\/types\/post"}],"author":[{"embeddable":true,"href":"https:\/\/www.enviblog.cz\/blog\/wp-json\/wp\/v2\/users\/4"}],"replies":[{"embeddable":true,"href":"https:\/\/www.enviblog.cz\/blog\/wp-json\/wp\/v2\/comments?post=1137"}],"version-history":[{"count":12,"href":"https:\/\/www.enviblog.cz\/blog\/wp-json\/wp\/v2\/posts\/1137\/revisions"}],"predecessor-version":[{"id":1184,"href":"https:\/\/www.enviblog.cz\/blog\/wp-json\/wp\/v2\/posts\/1137\/revisions\/1184"}],"wp:featuredmedia":[{"embeddable":true,"href":"https:\/\/www.enviblog.cz\/blog\/wp-json\/wp\/v2\/media\/1151"}],"wp:attachment":[{"href":"https:\/\/www.enviblog.cz\/blog\/wp-json\/wp\/v2\/media?parent=1137"}],"wp:term":[{"taxonomy":"category","embeddable":true,"href":"https:\/\/www.enviblog.cz\/blog\/wp-json\/wp\/v2\/categories?post=1137"},{"taxonomy":"post_tag","embeddable":true,"href":"https:\/\/www.enviblog.cz\/blog\/wp-json\/wp\/v2\/tags?post=1137"},{"taxonomy":"author","embeddable":true,"href":"https:\/\/www.enviblog.cz\/blog\/wp-json\/wp\/v2\/coauthors?post=1137"}],"curies":[{"name":"wp","href":"https:\/\/api.w.org\/{rel}","templated":true}]}}