{"id":1102,"date":"2018-10-08T10:47:23","date_gmt":"2018-10-08T08:47:23","guid":{"rendered":"https:\/\/www.enviblog.cz\/blog\/?p=1102"},"modified":"2018-10-09T16:43:05","modified_gmt":"2018-10-09T14:43:05","slug":"stanice-imisniho-monitoringu-ve-360-zobrazeni","status":"publish","type":"post","link":"https:\/\/www.enviblog.cz\/blog\/2018\/10\/08\/stanice-imisniho-monitoringu-ve-360-zobrazeni\/","title":{"rendered":"Stanice imisn\u00edho monitoringu ve 360\u00b0 zobrazen\u00ed"},"content":{"rendered":"<p><em><strong>Na na\u0161em blogu jsme si pro V\u00e1s v sekci Kvality ovzdu\u0161\u00ed p\u0159ipravili dal\u0161\u00ed novinku a to 360\u00b0 zobrazen\u00ed na\u0161ich stanic imisn\u00edho monitoringu.<\/strong><\/em><\/p>\n<p><a href=\"http:\/\/chmibrno.org\/blog\/stanice-imisniho-monitoringu\/\" target=\"_blank\" rel=\"noopener\">Novou str\u00e1nku<\/a> se 360\u00b0 zobrazen\u00edm stanic imisn\u00edho monitoringu v na\u0161\u00ed kompetenci (Jihomoravsk\u00fd kraj, Zl\u00ednsk\u00fd kraj, Kraj Vyso\u010dina a Aglomerace Brno) najdete v horn\u00edm menu v sekci Kvalita ovzdu\u0161\u00ed. Na str\u00e1nce si pak m\u016f\u017eete p\u0159ep\u00ednat mezi jednotliv\u00fdmi stanicemi a bu\u010f ta\u017een\u00edm my\u0161\u00ed, \u010di na dotykov\u00fdch za\u0159\u00edzen\u00edch prstem, se m\u016f\u017eete pohybovat kolem dokola a nahoru a dolu. Je zde i mo\u017enost zobrazen\u00ed na celou obrazovku a p\u0159ibli\u017eov\u00e1n\u00ed (kole\u010dkem my\u0161i \u010di pomoc\u00ed dotyku).<\/p>\n<p>Do p\u0159ehledu jsme zahrnuli i stanice, kter\u00e9 p\u0159\u00edmo \u010cHM\u00da nepat\u0159\u00ed, ale jsou ve spr\u00e1v\u011b organizac\u00ed, se kter\u00fdmi spolupracujeme a kter\u00e9 n\u00e1m poskytuj\u00ed data (Statut\u00e1rn\u00ed m\u011bsto Brno a Zdravotn\u00ed \u00fastav Ostrava). Do budoucna budeme tuto str\u00e1nku roz\u0161i\u0159ovat o dal\u0161\u00ed stanice.<\/p>\n<p>&nbsp;<\/p>\n","protected":false},"excerpt":{"rendered":"<p>Na na\u0161em blogu jsme si pro V\u00e1s v sekci Kvality ovzdu\u0161\u00ed p\u0159ipravili dal\u0161\u00ed novinku a to 360\u00b0 zobrazen\u00ed na\u0161ich stanic imisn\u00edho monitoringu. Novou str\u00e1nku se 360\u00b0 zobrazen\u00edm stanic imisn\u00edho monitoringu v na\u0161\u00ed kompetenci (Jihomoravsk\u00fd kraj, Zl\u00ednsk\u00fd kraj, Kraj Vyso\u010dina a Aglomerace Brno) najdete v horn\u00edm menu v sekci Kvalita ovzdu\u0161\u00ed. Na str\u00e1nce si pak m\u016f\u017eete [&hellip;]<\/p>\n","protected":false},"author":1,"featured_media":1104,"comment_status":"open","ping_status":"open","sticky":false,"template":"","format":"standard","meta":{"jetpack_post_was_ever_published":false,"_jetpack_newsletter_access":"","_jetpack_dont_email_post_to_subs":false,"_jetpack_newsletter_tier_id":0,"_jetpack_memberships_contains_paywalled_content":false,"_jetpack_memberships_contains_paid_content":false,"footnotes":"","jetpack_publicize_message":"","jetpack_publicize_feature_enabled":true,"jetpack_social_post_already_shared":true,"jetpack_social_options":{"image_generator_settings":{"template":"highway","enabled":false},"version":2}},"categories":[5],"tags":[78,79],"coauthors":[19],"class_list":["post-1102","post","type-post","status-publish","format-standard","has-post-thumbnail","hentry","category-ovzdusi","tag-imisni-monitoring","tag-stanice","entry","has-media"],"jetpack_publicize_connections":[],"jetpack_sharing_enabled":true,"jetpack_featured_media_url":"https:\/\/www.enviblog.cz\/blog\/wp-content\/uploads\/2018\/10\/fotoStanice.jpg","jetpack_shortlink":"https:\/\/wp.me\/pa1A1I-hM","_links":{"self":[{"href":"https:\/\/www.enviblog.cz\/blog\/wp-json\/wp\/v2\/posts\/1102","targetHints":{"allow":["GET"]}}],"collection":[{"href":"https:\/\/www.enviblog.cz\/blog\/wp-json\/wp\/v2\/posts"}],"about":[{"href":"https:\/\/www.enviblog.cz\/blog\/wp-json\/wp\/v2\/types\/post"}],"author":[{"embeddable":true,"href":"https:\/\/www.enviblog.cz\/blog\/wp-json\/wp\/v2\/users\/1"}],"replies":[{"embeddable":true,"href":"https:\/\/www.enviblog.cz\/blog\/wp-json\/wp\/v2\/comments?post=1102"}],"version-history":[{"count":2,"href":"https:\/\/www.enviblog.cz\/blog\/wp-json\/wp\/v2\/posts\/1102\/revisions"}],"predecessor-version":[{"id":1114,"href":"https:\/\/www.enviblog.cz\/blog\/wp-json\/wp\/v2\/posts\/1102\/revisions\/1114"}],"wp:featuredmedia":[{"embeddable":true,"href":"https:\/\/www.enviblog.cz\/blog\/wp-json\/wp\/v2\/media\/1104"}],"wp:attachment":[{"href":"https:\/\/www.enviblog.cz\/blog\/wp-json\/wp\/v2\/media?parent=1102"}],"wp:term":[{"taxonomy":"category","embeddable":true,"href":"https:\/\/www.enviblog.cz\/blog\/wp-json\/wp\/v2\/categories?post=1102"},{"taxonomy":"post_tag","embeddable":true,"href":"https:\/\/www.enviblog.cz\/blog\/wp-json\/wp\/v2\/tags?post=1102"},{"taxonomy":"author","embeddable":true,"href":"https:\/\/www.enviblog.cz\/blog\/wp-json\/wp\/v2\/coauthors?post=1102"}],"curies":[{"name":"wp","href":"https:\/\/api.w.org\/{rel}","templated":true}]}}